{"id":65789,"date":"2022-06-29T13:07:51","date_gmt":"2022-06-29T13:07:51","guid":{"rendered":"https:\/\/jorgezanoni.com.br\/2019\/?p=65789"},"modified":"2022-06-29T13:07:51","modified_gmt":"2022-06-29T13:07:51","slug":"hoje-a-comunidade-catolica-comemora-o-dia-de-sao-pedro-e-sao-paulo","status":"publish","type":"post","link":"https:\/\/jorgezanoni.com.br\/2019\/hoje-a-comunidade-catolica-comemora-o-dia-de-sao-pedro-e-sao-paulo\/","title":{"rendered":"Hoje a comunidade cat\u00f3lica comemora o Dia de S\u00e3o Pedro e S\u00e3o Paulo"},"content":{"rendered":"<p style=\"text-align: justify;\"><strong>Em\u00a029 de junho\u00a0\u00e9 celebrado o\u00a0Dia de S\u00e3o Pedro e S\u00e3o Paulo.<\/strong><\/p>\n<p style=\"text-align: justify;\">Estas s\u00e3o festividades t\u00edpicas da Igreja Cat\u00f3lica, em honra ao mart\u00edrio dos ap\u00f3stolos S\u00e3o Pedro e S\u00e3o Paulo, principais l\u00edderes no surgimento da Igreja Crist\u00e3.<\/p>\n<p style=\"text-align: justify;\">A festa de S\u00e3o Pedro \u00e9 uma das mais comemoradas entre as chamadas \u201cfestas juninas\u201d. Normalmente, nestas celebra\u00e7\u00f5es s\u00e3o feitas muitas quermesses e grandes fogueiras, assim como acontece no Dia de S\u00e3o Jo\u00e3o.<\/p>\n<p style=\"text-align: justify;\">Os crist\u00e3os ortodoxos tamb\u00e9m realizam esta festa, mas o fazem no dia 12 de julho.<\/p>\n<h2 style=\"text-align: justify;\">Origem do Dia de S\u00e3o Pedro e S\u00e3o Paulo<\/h2>\n<p style=\"text-align: justify;\">A origem desta celebra\u00e7\u00e3o \u00e9 muito antiga e, supostamente, ocorre em 29 de junho, pois teria sido a data do anivers\u00e1rio de morte e do translado das rel\u00edquias de ambos os santos.<\/p>\n<p style=\"text-align: justify;\">Acredita-se que essas as festas juninas foram inspiradas nos rituais de comemora\u00e7\u00e3o da fertilidade da terra, no per\u00edodo pr\u00e9-gregoriano durante o solst\u00edcio de ver\u00e3o na Europa.<\/p>\n<p style=\"text-align: justify;\">Posteriormente, foram adotadas pela Igreja Cat\u00f3lica como homenagem aos santos do m\u00eas. No Brasil, os registros hist\u00f3ricos apontam que desde o s\u00e9culo XVII as festas juninas eram comemoradas.<\/p>\n<p style=\"text-align: justify;\">O dia de S\u00e3o Pedro e S\u00e3o Paulo tem como objetivo manter viva na mem\u00f3ria dos crist\u00e3os as origens da Igreja e, por isso, s\u00e3o celebrados no mesmo dia, pois estavam unidos no mesmo prop\u00f3sito.<\/p>\n<p style=\"text-align: justify;\">Esta data ainda \u00e9 considerada o\u00a0<a href=\"https:\/\/www.calendarr.com\/brasil\/dia-do-papa\/\">Dia do Papa<\/a>, pois S\u00e3o Pedro, segundo os cat\u00f3licos, foi o primeiro Papa da Igreja, al\u00e9m de ter sido o que permaneceu por mais tempo com esse t\u00edtulo (37 anos).<\/p>\n<h2 style=\"text-align: justify;\">S\u00e3o Pedro e S\u00e3o Paulo: conhe\u00e7a a hist\u00f3ria dos santos juninos<\/h2>\n<p style=\"text-align: justify;\">Pedro era um pescador no Mar da Galileia e largou sua vida para seguir Jesus, sendo apontado como seu sucessor entre os doze ap\u00f3stolos e teve a miss\u00e3o de construir uma igreja que continuasse a obra do Messias.<\/p>\n<p style=\"text-align: justify;\">Uma das hist\u00f3rias mais conhecidas sobre a vida de Pedro foi a ocasi\u00e3o em que o ap\u00f3stolo negou Jesus tr\u00eas vezes ao seu mestre ser preso, sendo tomado pelo arrependimento em seguida.<\/p>\n<p style=\"text-align: justify;\">Para os cat\u00f3licos, S\u00e3o Pedro recebeu a miss\u00e3o de ser l\u00edder da Igreja de Cristo, assim como diz as escrituras \u201c<em>Tu \u00e9s pedra, e sobre essa pedra edificarei a minha igreja<\/em>\u201d (Mateus 16:18).<\/p>\n<p style=\"text-align: justify;\">Por outro lado, Paulo de Tarso, cuja convers\u00e3o ocorreu quando estava em dire\u00e7\u00e3o \u00e0 cidade de Damasco, conforme os registros de Atos 9:3-5: \u201c<em>Durante a viagem, estando j\u00e1 em Damasco, subitamente o cercou uma luz resplandecente vinda do c\u00e9u. Caindo por terra, ouviu uma voz que lhe dizia: \u2018Saulo, Saulo, por que me persegues?\u2019. Saulo ent\u00e3o diz: \u2018Quem \u00e9s, Senhor?\u2019. Respondeu Ele: \u2018Eu sou Jesus, a quem tu persegues.<\/em>\u201d<\/p>\n<p style=\"text-align: justify;\">Paulo, anteriormente chamado de Saulo de Tarso, foi um dos grandes perseguidores da Igreja e dos disc\u00edpulos de Cristo. No entanto, converteu-se, mudou de nome e se tornou um dos grandes evangelizadores da igreja primitiva, tornando-se um dos respons\u00e1veis pela sua expans\u00e3o.<\/p>\n<p style=\"text-align: justify;\">Ambos morreram martirizados. S\u00e3o Pedro foi crucificado, mas pediu para que a cruz ficasse de cabe\u00e7a para baixo, pois n\u00e3o se sentia digno de ter a mesma morte que seu mestre. J\u00e1 S\u00e3o Paulo foi degolado em Roma.<\/p>\n<p style=\"text-align: justify;\">Fonte: https:\/\/www.calendarr.com\/brasil\/dia-de-sao-pedro-e-sao-paulo\/<\/p>\n","protected":false},"excerpt":{"rendered":"<p>Em\u00a029 de junho\u00a0\u00e9 celebrado o\u00a0Dia de S\u00e3o Pedro e S\u00e3o Paulo. Estas s\u00e3o festividades t\u00edpicas da Igreja Cat\u00f3lica, em honra ao mart\u00edrio dos ap\u00f3stolos S\u00e3o Pedro e S\u00e3o Paulo, principais l\u00edderes no surgimento da Igreja Crist\u00e3. A festa de S\u00e3o Pedro \u00e9 uma das mais comemoradas entre as chamadas \u201cfestas juninas\u201d. Normalmente, nestas celebra\u00e7\u00f5es s\u00e3o [&hellip;]<\/p>\n","protected":false},"author":1,"featured_media":65790,"comment_status":"closed","ping_status":"open","sticky":false,"template":"","format":"standard","meta":{"footnotes":""},"categories":[110,118],"tags":[],"class_list":["post-65789","post","type-post","status-publish","format-standard","has-post-thumbnail","hentry","category-noticiasdestaque","category-religiaoesolidariedade"],"_links":{"self":[{"href":"https:\/\/jorgezanoni.com.br\/2019\/wp-json\/wp\/v2\/posts\/65789","targetHints":{"allow":["GET"]}}],"collection":[{"href":"https:\/\/jorgezanoni.com.br\/2019\/wp-json\/wp\/v2\/posts"}],"about":[{"href":"https:\/\/jorgezanoni.com.br\/2019\/wp-json\/wp\/v2\/types\/post"}],"author":[{"embeddable":true,"href":"https:\/\/jorgezanoni.com.br\/2019\/wp-json\/wp\/v2\/users\/1"}],"replies":[{"embeddable":true,"href":"https:\/\/jorgezanoni.com.br\/2019\/wp-json\/wp\/v2\/comments?post=65789"}],"version-history":[{"count":0,"href":"https:\/\/jorgezanoni.com.br\/2019\/wp-json\/wp\/v2\/posts\/65789\/revisions"}],"wp:featuredmedia":[{"embeddable":true,"href":"https:\/\/jorgezanoni.com.br\/2019\/wp-json\/wp\/v2\/media\/65790"}],"wp:attachment":[{"href":"https:\/\/jorgezanoni.com.br\/2019\/wp-json\/wp\/v2\/media?parent=65789"}],"wp:term":[{"taxonomy":"category","embeddable":true,"href":"https:\/\/jorgezanoni.com.br\/2019\/wp-json\/wp\/v2\/categories?post=65789"},{"taxonomy":"post_tag","embeddable":true,"href":"https:\/\/jorgezanoni.com.br\/2019\/wp-json\/wp\/v2\/tags?post=65789"}],"curies":[{"name":"wp","href":"https:\/\/api.w.org\/{rel}","templated":true}]}}