{"id":65753,"date":"2022-06-28T21:37:03","date_gmt":"2022-06-28T21:37:03","guid":{"rendered":"https:\/\/jorgezanoni.com.br\/2019\/?p=65753"},"modified":"2022-06-28T21:37:03","modified_gmt":"2022-06-28T21:37:03","slug":"policia-civil-faz-doacao-de-cobertores-para-os-fundos-sociais-da-regiao-de-dracena","status":"publish","type":"post","link":"https:\/\/jorgezanoni.com.br\/2019\/policia-civil-faz-doacao-de-cobertores-para-os-fundos-sociais-da-regiao-de-dracena\/","title":{"rendered":"Pol\u00edcia Civil faz doa\u00e7\u00e3o de cobertores para os Fundos Sociais da regi\u00e3o de Dracena"},"content":{"rendered":"<p style=\"text-align: justify;\">Foram beneficiados os munic\u00edpios de Dracena, Paulic\u00e9ia, Santa Mercedes e Ouro Verde. A representante da Secretaria de Desenvolvimento Social da Prefeitura de Dracena, e a primeira dama de Paulic\u00e9ia, estiveram na sede da Delegacia Secional de Pol\u00edcia de Dracena para receber as doa\u00e7\u00f5es.<\/p>\n<p style=\"text-align: justify;\">A Pol\u00edcia Civil, por interm\u00e9dio da Delegacia Seccional de Pol\u00edcia Dracena, fez a doa\u00e7\u00e3o nesta ter\u00e7a-feira (28), de mais de 70 cobertores aos fundos sociais de solidariedade de quatro munic\u00edpios da regi\u00e3o de Dracena. Foram beneficiados os \u00f3rg\u00e3os sociais das cidades de Dracena, Paulic\u00e9ia, Santa Mercedes e Ouro Verde.<\/p>\n<p style=\"text-align: justify;\">Os cobertores foram entregues, na sede da Delegacia Seccional de Pol\u00edcia, pelo delegado seccional de pol\u00edcia Alexandre Luis Luengo Lopes \u00e0 Ana Karolina Pinheiro Machado Tavares, representante da Secretaria de Desenvolvimento Social de Dracena; e a senhora Neusa Vitalino de Jesus, primeira dama de Paulic\u00e9ia. As entregas as demais cidades contempladas ser\u00e3o realizadas nas respectivas delegacias dos munic\u00edpios.<\/p>\n<p style=\"text-align: justify;\">A a\u00e7\u00e3o da Pol\u00edcia Civil contou com o apoio de todas as carreiras policiais, faz parte da Campanha \u201cInverno Solid\u00e1rio 2022\u201d. Os policiais civis voluntariamente colaboraram para que fam\u00edlias que se encontram em situa\u00e7\u00e3o de vulnerabilidade possam ter um pouco de conforto e proporcionar calor para minimizar as baixas temperaturas do per\u00edodo do inverno.<\/p>\n<p><img loading=\"lazy\" decoding=\"async\" class=\"alignnone size-full wp-image-65756\" src=\"https:\/\/jorgezanoni.com.br\/2019\/wp-content\/uploads\/2022\/06\/aff-1.jpg\" alt=\"\" width=\"700\" height=\"444\" srcset=\"https:\/\/jorgezanoni.com.br\/2019\/wp-content\/uploads\/2022\/06\/aff-1.jpg 700w, https:\/\/jorgezanoni.com.br\/2019\/wp-content\/uploads\/2022\/06\/aff-1-300x190.jpg 300w, https:\/\/jorgezanoni.com.br\/2019\/wp-content\/uploads\/2022\/06\/aff-1-696x441.jpg 696w, https:\/\/jorgezanoni.com.br\/2019\/wp-content\/uploads\/2022\/06\/aff-1-662x420.jpg 662w\" sizes=\"auto, (max-width: 700px) 100vw, 700px\" \/><\/p>\n<p>Fonte: Com. Social Policia Civil<\/p>\n","protected":false},"excerpt":{"rendered":"<p>Foram beneficiados os munic\u00edpios de Dracena, Paulic\u00e9ia, Santa Mercedes e Ouro Verde. A representante da Secretaria de Desenvolvimento Social da Prefeitura de Dracena, e a primeira dama de Paulic\u00e9ia, estiveram na sede da Delegacia Secional de Pol\u00edcia de Dracena para receber as doa\u00e7\u00f5es. A Pol\u00edcia Civil, por interm\u00e9dio da Delegacia Seccional de Pol\u00edcia Dracena, fez [&hellip;]<\/p>\n","protected":false},"author":1,"featured_media":65754,"comment_status":"closed","ping_status":"open","sticky":false,"template":"","format":"standard","meta":{"footnotes":""},"categories":[110,2],"tags":[],"class_list":["post-65753","post","type-post","status-publish","format-standard","has-post-thumbnail","hentry","category-noticiasdestaque","category-policial"],"_links":{"self":[{"href":"https:\/\/jorgezanoni.com.br\/2019\/wp-json\/wp\/v2\/posts\/65753","targetHints":{"allow":["GET"]}}],"collection":[{"href":"https:\/\/jorgezanoni.com.br\/2019\/wp-json\/wp\/v2\/posts"}],"about":[{"href":"https:\/\/jorgezanoni.com.br\/2019\/wp-json\/wp\/v2\/types\/post"}],"author":[{"embeddable":true,"href":"https:\/\/jorgezanoni.com.br\/2019\/wp-json\/wp\/v2\/users\/1"}],"replies":[{"embeddable":true,"href":"https:\/\/jorgezanoni.com.br\/2019\/wp-json\/wp\/v2\/comments?post=65753"}],"version-history":[{"count":0,"href":"https:\/\/jorgezanoni.com.br\/2019\/wp-json\/wp\/v2\/posts\/65753\/revisions"}],"wp:featuredmedia":[{"embeddable":true,"href":"https:\/\/jorgezanoni.com.br\/2019\/wp-json\/wp\/v2\/media\/65754"}],"wp:attachment":[{"href":"https:\/\/jorgezanoni.com.br\/2019\/wp-json\/wp\/v2\/media?parent=65753"}],"wp:term":[{"taxonomy":"category","embeddable":true,"href":"https:\/\/jorgezanoni.com.br\/2019\/wp-json\/wp\/v2\/categories?post=65753"},{"taxonomy":"post_tag","embeddable":true,"href":"https:\/\/jorgezanoni.com.br\/2019\/wp-json\/wp\/v2\/tags?post=65753"}],"curies":[{"name":"wp","href":"https:\/\/api.w.org\/{rel}","templated":true}]}}