{"id":65745,"date":"2022-06-28T16:46:18","date_gmt":"2022-06-28T16:46:18","guid":{"rendered":"https:\/\/jorgezanoni.com.br\/2019\/?p=65745"},"modified":"2022-06-28T16:46:18","modified_gmt":"2022-06-28T16:46:18","slug":"laboratorio-mastellini-passa-a-coletar-sangue-diretamente-nas-ubss-de-ouro-verde","status":"publish","type":"post","link":"https:\/\/jorgezanoni.com.br\/2019\/laboratorio-mastellini-passa-a-coletar-sangue-diretamente-nas-ubss-de-ouro-verde\/","title":{"rendered":"Laborat\u00f3rio Mastellini passa a Coletar Sangue diretamente nas UBSs de Ouro Verde"},"content":{"rendered":"<p style=\"text-align: justify;\"><strong>Numa parceria do Laborat\u00f3rio Mastellini, Prefeitura Municipal de Ouro Verde e Secretaria da Sa\u00fade, teve in\u00edcio hoje a Coleta de Sangue feita diretamente nas UBSs.<\/strong><\/p>\n<p style=\"text-align: justify;\">As Coletas, ser\u00e3o feitas\u00a0 todos os dias nas Unidades de Sa\u00fade do Munic\u00edpio.<\/p>\n<p style=\"text-align: justify;\">Iniciando as 6h na UBS M\u00e1rcia Cristiane da Silva, localizada no Bairro Primavera.<\/p>\n<p style=\"text-align: justify;\">Das 7H \u00e0s 8H na Estrat\u00e9gia Sa\u00fade da Fam\u00edlia 1 &#8220;Guilherme Jos\u00e9 de Macedo&#8221; no Bairro Para\u00edso.<\/p>\n<p style=\"text-align: justify;\">Das 8H \u00e0s 9H na Estrat\u00e9gia Sa\u00fade da Fam\u00edlia 2, no Bairro Nova Esperan\u00e7a.<\/p>\n<p style=\"text-align: justify;\">O objetivo principal \u00e9 oferecer um servi\u00e7o de qualidade, melhor acesso \u00e0 popula\u00e7\u00e3o proporcionando um conforto no deslocamento sendo mais pr\u00f3ximo de suas resid\u00eancias.<\/p>\n<p style=\"text-align: justify;\">O servi\u00e7o com in\u00edcio \u00e0s 6h visa facilitar este acesso principalmente aos trabalhadores uma vez que ainda n\u00e3o era disponibilizado na rede.<\/p>\n<p style=\"text-align: justify;\">Participaram do evento do in\u00edcio da parceria o Prefeito Municipal Claudinei dos Santos (Dinei), a Secret\u00e1ria da Sa\u00fade Elen Cristiane Bifi Miranda, Adalto Pereira Diretor Comercial e Patr\u00edcia Amelio Supervisora, ambos do Laborat\u00f3rio Mastellini que tem como diretor geral o Dr. Jader Mastellini que n\u00e3o pode comparecer por motivos de viagem<\/p>\n<p style=\"text-align: justify;\">A paciente gestante, Kerolyn Shileni, gentilmente permitiu ser fotagrafada, como sendo a primeira paciente a usar dos servi\u00e7os que est\u00e3o sendo inovados no munic\u00edpio de Ouro Verde.<\/p>\n<p><img loading=\"lazy\" decoding=\"async\" class=\"alignnone size-full wp-image-65746\" src=\"https:\/\/jorgezanoni.com.br\/2019\/wp-content\/uploads\/2022\/06\/IMG_8838-2.jpg\" alt=\"\" width=\"700\" height=\"632\" srcset=\"https:\/\/jorgezanoni.com.br\/2019\/wp-content\/uploads\/2022\/06\/IMG_8838-2.jpg 700w, https:\/\/jorgezanoni.com.br\/2019\/wp-content\/uploads\/2022\/06\/IMG_8838-2-300x271.jpg 300w, https:\/\/jorgezanoni.com.br\/2019\/wp-content\/uploads\/2022\/06\/IMG_8838-2-696x628.jpg 696w, https:\/\/jorgezanoni.com.br\/2019\/wp-content\/uploads\/2022\/06\/IMG_8838-2-465x420.jpg 465w\" sizes=\"auto, (max-width: 700px) 100vw, 700px\" \/> <img loading=\"lazy\" decoding=\"async\" class=\"alignnone size-full wp-image-65747\" src=\"https:\/\/jorgezanoni.com.br\/2019\/wp-content\/uploads\/2022\/06\/IMG_8842-2.jpg\" alt=\"\" width=\"700\" height=\"633\" srcset=\"https:\/\/jorgezanoni.com.br\/2019\/wp-content\/uploads\/2022\/06\/IMG_8842-2.jpg 700w, https:\/\/jorgezanoni.com.br\/2019\/wp-content\/uploads\/2022\/06\/IMG_8842-2-300x271.jpg 300w, https:\/\/jorgezanoni.com.br\/2019\/wp-content\/uploads\/2022\/06\/IMG_8842-2-696x629.jpg 696w, https:\/\/jorgezanoni.com.br\/2019\/wp-content\/uploads\/2022\/06\/IMG_8842-2-464x420.jpg 464w\" sizes=\"auto, (max-width: 700px) 100vw, 700px\" \/> <img loading=\"lazy\" decoding=\"async\" class=\"alignnone size-full wp-image-65750\" src=\"https:\/\/jorgezanoni.com.br\/2019\/wp-content\/uploads\/2022\/06\/IMG_8847-2.jpg\" alt=\"\" width=\"700\" height=\"483\" srcset=\"https:\/\/jorgezanoni.com.br\/2019\/wp-content\/uploads\/2022\/06\/IMG_8847-2.jpg 700w, https:\/\/jorgezanoni.com.br\/2019\/wp-content\/uploads\/2022\/06\/IMG_8847-2-300x207.jpg 300w, https:\/\/jorgezanoni.com.br\/2019\/wp-content\/uploads\/2022\/06\/IMG_8847-2-100x70.jpg 100w, https:\/\/jorgezanoni.com.br\/2019\/wp-content\/uploads\/2022\/06\/IMG_8847-2-218x150.jpg 218w, https:\/\/jorgezanoni.com.br\/2019\/wp-content\/uploads\/2022\/06\/IMG_8847-2-696x480.jpg 696w, https:\/\/jorgezanoni.com.br\/2019\/wp-content\/uploads\/2022\/06\/IMG_8847-2-609x420.jpg 609w\" sizes=\"auto, (max-width: 700px) 100vw, 700px\" \/> <img loading=\"lazy\" decoding=\"async\" class=\"alignnone size-full wp-image-65751\" src=\"https:\/\/jorgezanoni.com.br\/2019\/wp-content\/uploads\/2022\/06\/IMG_8848-2.jpg\" alt=\"\" width=\"700\" height=\"406\" srcset=\"https:\/\/jorgezanoni.com.br\/2019\/wp-content\/uploads\/2022\/06\/IMG_8848-2.jpg 700w, https:\/\/jorgezanoni.com.br\/2019\/wp-content\/uploads\/2022\/06\/IMG_8848-2-300x174.jpg 300w, https:\/\/jorgezanoni.com.br\/2019\/wp-content\/uploads\/2022\/06\/IMG_8848-2-696x404.jpg 696w\" sizes=\"auto, (max-width: 700px) 100vw, 700px\" \/>Jorge Zanoni<\/p>\n<p>&nbsp;<\/p>\n<p>&nbsp;<\/p>\n","protected":false},"excerpt":{"rendered":"<p>Numa parceria do Laborat\u00f3rio Mastellini, Prefeitura Municipal de Ouro Verde e Secretaria da Sa\u00fade, teve in\u00edcio hoje a Coleta de Sangue feita diretamente nas UBSs. As Coletas, ser\u00e3o feitas\u00a0 todos os dias nas Unidades de Sa\u00fade do Munic\u00edpio. Iniciando as 6h na UBS M\u00e1rcia Cristiane da Silva, localizada no Bairro Primavera. Das 7H \u00e0s 8H [&hellip;]<\/p>\n","protected":false},"author":1,"featured_media":65748,"comment_status":"closed","ping_status":"open","sticky":false,"template":"","format":"standard","meta":{"footnotes":""},"categories":[179,110,186,122],"tags":[],"class_list":["post-65745","post","type-post","status-publish","format-standard","has-post-thumbnail","hentry","category-cidadeseregiao","category-noticiasdestaque","category-ouro-verde","category-saudeeducacaoeconcurso"],"_links":{"self":[{"href":"https:\/\/jorgezanoni.com.br\/2019\/wp-json\/wp\/v2\/posts\/65745","targetHints":{"allow":["GET"]}}],"collection":[{"href":"https:\/\/jorgezanoni.com.br\/2019\/wp-json\/wp\/v2\/posts"}],"about":[{"href":"https:\/\/jorgezanoni.com.br\/2019\/wp-json\/wp\/v2\/types\/post"}],"author":[{"embeddable":true,"href":"https:\/\/jorgezanoni.com.br\/2019\/wp-json\/wp\/v2\/users\/1"}],"replies":[{"embeddable":true,"href":"https:\/\/jorgezanoni.com.br\/2019\/wp-json\/wp\/v2\/comments?post=65745"}],"version-history":[{"count":0,"href":"https:\/\/jorgezanoni.com.br\/2019\/wp-json\/wp\/v2\/posts\/65745\/revisions"}],"wp:featuredmedia":[{"embeddable":true,"href":"https:\/\/jorgezanoni.com.br\/2019\/wp-json\/wp\/v2\/media\/65748"}],"wp:attachment":[{"href":"https:\/\/jorgezanoni.com.br\/2019\/wp-json\/wp\/v2\/media?parent=65745"}],"wp:term":[{"taxonomy":"category","embeddable":true,"href":"https:\/\/jorgezanoni.com.br\/2019\/wp-json\/wp\/v2\/categories?post=65745"},{"taxonomy":"post_tag","embeddable":true,"href":"https:\/\/jorgezanoni.com.br\/2019\/wp-json\/wp\/v2\/tags?post=65745"}],"curies":[{"name":"wp","href":"https:\/\/api.w.org\/{rel}","templated":true}]}}