{"id":6574,"date":"2019-09-18T16:42:11","date_gmt":"2019-09-18T16:42:11","guid":{"rendered":"https:\/\/jorgezanoni.com.br\/2019\/?p=6574"},"modified":"2019-09-18T16:42:11","modified_gmt":"2019-09-18T16:42:11","slug":"prefeitura-de-dracena-tem-processo-seletivo-aberto-para-area-de-educacao","status":"publish","type":"post","link":"https:\/\/jorgezanoni.com.br\/2019\/prefeitura-de-dracena-tem-processo-seletivo-aberto-para-area-de-educacao\/","title":{"rendered":"Prefeitura de Dracena tem processo seletivo aberto para \u00e1rea de educa\u00e7\u00e3o"},"content":{"rendered":"<h2 class=\"content-head__subtitle\" style=\"text-align: justify;\"><strong>Vagas s\u00e3o para a forma\u00e7\u00e3o de cadastro reserva e inscri\u00e7\u00f5es devem ser feitas pela internet.<\/strong><\/h2>\n<div class=\"mc-column content-text active-extra-styles \" data-block-type=\"unstyled\" data-block-weight=\"26\" data-block-id=\"2\">\n<p class=\"content-text__container \" style=\"text-align: justify;\" data-track-category=\"Link no Texto\" data-track-links=\"\">Nesta semana, diversos concursos p\u00fablicos e processos seletivos est\u00e3o com inscri\u00e7\u00f5es abertas no Oeste Paulista voltados ao preenchimento de vagas e \u00e0 forma\u00e7\u00e3o de cadastro reserva.<\/p>\n<\/div>\n<div class=\"wall protected-content\">\n<div class=\"mc-column content-text active-extra-styles \" style=\"text-align: justify;\" data-block-type=\"unstyled\" data-block-weight=\"18\" data-block-id=\"3\">\n<p class=\"content-text__container \" data-track-category=\"Link no Texto\" data-track-links=\"\">As jornadas de trabalho, os benef\u00edcios, as fun\u00e7\u00f5es e os sal\u00e1rios variam de acordo com o cargo pretendido.<\/p>\n<\/div>\n<div class=\"mc-column content-text active-extra-styles \" style=\"text-align: justify;\" data-block-type=\"unstyled\" data-block-weight=\"4\" data-block-id=\"4\">\n<p class=\"content-text__container \" data-track-category=\"Link no Texto\" data-track-links=\"\">Confira as oportunidades abaixo:<\/p>\n<\/div>\n<div class=\"mc-column content-text active-extra-styles\" style=\"text-align: justify;\" data-block-type=\"raw\" data-block-weight=\"1\" data-block-id=\"5\">\n<div class=\"content-intertitle\">\n<h2>Dracena<\/h2>\n<\/div>\n<\/div>\n<div class=\"mc-column content-text active-extra-styles \" style=\"text-align: justify;\" data-block-type=\"unstyled\" data-block-weight=\"23\" data-block-id=\"6\">\n<p class=\"content-text__container \" data-track-category=\"Link no Texto\" data-track-links=\"\">A Prefeitura de\u00a0<a href=\"https:\/\/g1.globo.com\/sp\/presidente-prudente-regiao\/cidade\/dracena\/\">Dracena\u00a0<\/a>tem processo seletivo com inscri\u00e7\u00f5es abertas destinado \u00e0 forma\u00e7\u00e3o de cadastro reserva para as fun\u00e7\u00f5es na \u00e1rea da educa\u00e7\u00e3o.<\/p>\n<\/div>\n<div class=\"mc-column content-text active-extra-styles \" style=\"text-align: justify;\" data-block-type=\"unstyled\" data-block-weight=\"56\" data-block-id=\"7\">\n<p class=\"content-text__container \" data-track-category=\"Link no Texto\" data-track-links=\"\">As oportunidades s\u00e3o para os seguintes cargos: professor de EMEI; PEB I \u2013 professor de pr\u00e9-escola I e II; PEB I \u2013 professor de educa\u00e7\u00e3o b\u00e1sica I; PEB I \u2013 professor de classe especial; e PEB II \u2013 professor de educa\u00e7\u00e3o b\u00e1sica II nas \u00e1reas de ci\u00eancias, ingl\u00eas, l\u00edngua portuguesa, hist\u00f3ria, geografia, arte e educa\u00e7\u00e3o f\u00edsica.<\/p>\n<\/div>\n<div class=\"mc-column content-text active-extra-styles \" style=\"text-align: justify;\" data-block-type=\"unstyled\" data-block-weight=\"24\" data-block-id=\"8\">\n<p class=\"content-text__container \" data-track-category=\"Link no Texto\" data-track-links=\"\">Os profissionais dever\u00e3o atuar em jornadas de 20 a 40 horas\/aula e far\u00e3o jus \u00e0 remunera\u00e7\u00e3o vari\u00e1vel de R$ 12,29 R$ 15,44, por hora\/aula.<\/p>\n<\/div>\n<div class=\"mc-column content-text active-extra-styles \" style=\"text-align: justify;\" data-block-type=\"unstyled\" data-block-weight=\"25\" data-block-id=\"9\">\n<p class=\"content-text__container \" data-track-category=\"Link no Texto\" data-track-links=\"\">A inscri\u00e7\u00e3o deve ser efetuada at\u00e9 as 16h de 23 de setembro de 2019, exclusivamente pela\u00a0<a href=\"http:\/\/www.conscamweb.com.br\/concurso\/concursoMaisInformacoes.do?idInstituicao=16&amp;idConcurso=11\" target=\"_blank\" rel=\"noopener noreferrer\">internet<\/a>. A taxa de participa\u00e7\u00e3o \u00e9 de R$ 12,39.<\/p>\n<\/div>\n<div class=\"mc-column content-text active-extra-styles \" style=\"text-align: justify;\" data-block-type=\"unstyled\" data-block-weight=\"25\" data-block-id=\"10\">\n<p class=\"content-text__container \" data-track-category=\"Link no Texto\" data-track-links=\"\">A classifica\u00e7\u00e3o ocorrer\u00e1 por meio de prova objetiva, de car\u00e1ter eliminat\u00f3rio e classificat\u00f3rio, e de prova de t\u00edtulos, de car\u00e1ter classificat\u00f3rio para todas as fun\u00e7\u00f5es.<\/p>\n<p class=\"content-text__container \" data-track-category=\"Link no Texto\" data-track-links=\"\"><span style=\"font-family: inherit; font-size: inherit; font-style: inherit; font-variant-ligatures: inherit; font-variant-caps: inherit; font-weight: inherit; text-align: center;\">A primeira etapa est\u00e1 prevista para 13 de outubro, em locais a serem divulgados.<\/span><\/p>\n<\/div>\n<div class=\"mc-column content-text active-extra-styles \" style=\"text-align: justify;\" data-block-type=\"unstyled\" data-block-weight=\"7\" data-block-id=\"13\">\n<p class=\"content-text__container \" data-track-category=\"Link no Texto\" data-track-links=\"\">Mais detalhes podem ser consultados no\u00a0<a href=\"http:\/\/www.conscamweb.com.br\/concurso\/downloadAnexo.do?idAnexo=2599\" target=\"_blank\" rel=\"noopener noreferrer\">edital<\/a>.<\/p>\n<\/div>\n<div class=\"mc-column content-text active-extra-styles\" style=\"text-align: justify;\" data-block-type=\"raw\" data-block-weight=\"2\" data-block-id=\"14\">\n<div class=\"content-intertitle\">\n<h2>Osvaldo Cruz<\/h2>\n<\/div>\n<\/div>\n<div class=\"mc-column content-text active-extra-styles \" style=\"text-align: justify;\" data-block-type=\"unstyled\" data-block-weight=\"54\" data-block-id=\"15\">\n<p class=\"content-text__container \" data-track-category=\"Link no Texto\" data-track-links=\"\">Est\u00e3o abertas, at\u00e9 o dia 11 de outubro, as inscri\u00e7\u00f5es do concurso p\u00fablico da Prefeitura de\u00a0<a href=\"https:\/\/g1.globo.com\/sp\/presidente-prudente-regiao\/cidade\/osvaldo-cruz\/\">Osvaldo Cruz<\/a>, que visa contratar profissionais com ensino m\u00e9dio e superior para diversas \u00e1reas. A taxa de participa\u00e7\u00e3o, que deve ser garantida pela\u00a0<a href=\"http:\/\/www.institutoexcelenciapr.com.br\/concurso\/Concurso-Publico-PMOC003\" target=\"_blank\" rel=\"noopener noreferrer\">internet<\/a>, \u00e9 de R$ 13,63 e de R$ 15,67, de acordo com o cargo pretendido.<\/p>\n<\/div>\n<div class=\"mc-column content-text active-extra-styles \" style=\"text-align: justify;\" data-block-type=\"unstyled\" data-block-weight=\"47\" data-block-id=\"16\">\n<p class=\"content-text__container \" data-track-category=\"Link no Texto\" data-track-links=\"\">As oportunidades dispon\u00edveis s\u00e3o para os seguintes cargos: bibliotec\u00e1rio (1 vaga), m\u00e9dico cl\u00ednico geral (1 vaga), m\u00e9dico do trabalho (1 vaga), m\u00e9dico ginecologista (1 vaga), m\u00e9dico neurologista (1 vaga), m\u00e9dico pediatra (1 vaga), m\u00e9dico psiquiatra (1 vaga), monitor de atividades art\u00edsticas (1 vaga), terapeuta ocupacional (1 vaga).<\/p>\n<\/div>\n<div class=\"mc-column content-text active-extra-styles \" style=\"text-align: justify;\" data-block-type=\"unstyled\" data-block-weight=\"33\" data-block-id=\"17\">\n<p class=\"content-text__container \" data-track-category=\"Link no Texto\" data-track-links=\"\">Os profissionais devem atuar em jornadas de 10h a 40h semanais. Os sal\u00e1rios variam de R$ 1.260,22 a R$ 2.478,56 e, em alguns casos, ser\u00e1 paga a hora\/aula no valor de R$ 10,83.<\/p>\n<\/div>\n<div class=\"mc-column content-text active-extra-styles \" style=\"text-align: justify;\" data-block-type=\"unstyled\" data-block-weight=\"22\" data-block-id=\"18\">\n<p class=\"content-text__container \" data-track-category=\"Link no Texto\" data-track-links=\"\">A aplica\u00e7\u00e3o da prova objetiva est\u00e1 prevista para 10 de novembro de 2019 em locais que ser\u00e3o divulgados at\u00e9 tr\u00eas dias antes.<\/p>\n<\/div>\n<div class=\"mc-column content-text active-extra-styles \" style=\"text-align: justify;\" data-block-type=\"unstyled\" data-block-weight=\"8\" data-block-id=\"19\">\n<p class=\"content-text__container \" data-track-category=\"Link no Texto\" data-track-links=\"\">O\u00a0<a href=\"http:\/\/www.institutoexcelenciapr.com.br\/sistema\/uploads\/Edital_0032019.pdf\" target=\"_blank\" rel=\"noopener noreferrer\">edital<\/a>\u00a0pode ser consultado para mais detalhes.<\/p>\n<\/div>\n<div class=\"mc-column content-text active-extra-styles\" style=\"text-align: justify;\" data-block-type=\"raw\" data-block-weight=\"1\" data-block-id=\"20\">\n<div class=\"content-intertitle\">\n<h2>Luc\u00e9lia<\/h2>\n<\/div>\n<\/div>\n<div class=\"mc-column content-text active-extra-styles \" style=\"text-align: justify;\" data-block-type=\"unstyled\" data-block-weight=\"35\" data-block-id=\"21\">\n<p class=\"content-text__container \" data-track-category=\"Link no Texto\" data-track-links=\"\">A Prefeitura de\u00a0<a href=\"https:\/\/g1.globo.com\/sp\/presidente-prudente-regiao\/cidade\/lucelia\/\">Luc\u00e9lia\u00a0<\/a>tem processo seletivo para docentes com inscri\u00e7\u00f5es abertas. Os interessados podem se candidatar pela\u00a0<a href=\"http:\/\/www.institutoexcelenciapr.com.br\/concurso\/Processo-Seletivo-PML002\" target=\"_blank\" rel=\"noopener noreferrer\">internet\u00a0<\/a>at\u00e9 o dia 30 de setembro de 2019. A taxa de participa\u00e7\u00e3o \u00e9 de R$ 20,02.<\/p>\n<\/div>\n<div class=\"mc-column content-text active-extra-styles \" style=\"text-align: justify;\" data-block-type=\"unstyled\" data-block-weight=\"42\" data-block-id=\"22\">\n<p class=\"content-text__container \" data-track-category=\"Link no Texto\" data-track-links=\"\">O processo \u00e9 destinado \u00e0 forma\u00e7\u00e3o de cadastro reserva no cargo de professor, nas seguintes \u00e1reas: educa\u00e7\u00e3o infantil I e II; educa\u00e7\u00e3o b\u00e1sica I; educa\u00e7\u00e3o b\u00e1sica II \u2013 arte, ci\u00eancias f\u00edsicas e biol\u00f3gicas, educa\u00e7\u00e3o f\u00edsica, geografia, hist\u00f3ria, ingl\u00eas, l\u00edngua portuguesa e matem\u00e1tica.<\/p>\n<\/div>\n<div class=\"mc-column content-text active-extra-styles \" style=\"text-align: justify;\" data-block-type=\"unstyled\" data-block-weight=\"28\" data-block-id=\"23\">\n<p class=\"content-text__container \" data-track-category=\"Link no Texto\" data-track-links=\"\">A jornada de trabalho vai de 18 a 33 horas semanais e a remunera\u00e7\u00e3o varia entre R$ 1.077,94 e R$ 1.941,76, mais os benef\u00edcios, conforme a \u00e1rea escolhida.<\/p>\n<\/div>\n<div class=\"mc-column content-text active-extra-styles \" style=\"text-align: justify;\" data-block-type=\"unstyled\" data-block-weight=\"33\" data-block-id=\"24\">\n<p class=\"content-text__container \" data-track-category=\"Link no Texto\" data-track-links=\"\">A sele\u00e7\u00e3o ocorrer\u00e1 por meio de prova objetiva a ser aplicada na prov\u00e1vel data de 10 de novembro de 2019, em local a ser divulgado at\u00e9 cinco dias antes da data da avalia\u00e7\u00e3o.<\/p>\n<\/div>\n<div class=\"mc-column content-text active-extra-styles \" style=\"text-align: justify;\" data-block-type=\"unstyled\" data-block-weight=\"5\" data-block-id=\"26\">\n<p class=\"content-text__container \" data-track-category=\"Link no Texto\" data-track-links=\"\">Tamb\u00e9m haver\u00e1 prova de t\u00edtulos.<\/p>\n<\/div>\n<div class=\"mc-column content-text active-extra-styles \" style=\"text-align: justify;\" data-block-type=\"unstyled\" data-block-weight=\"7\" data-block-id=\"27\">\n<p class=\"content-text__container \" data-track-category=\"Link no Texto\" data-track-links=\"\">Mais detalhes podem ser consultados no\u00a0<a href=\"http:\/\/www.institutoexcelenciapr.com.br\/sistema\/uploads\/Edital_PS_002_2019_-_Processo_Seletivo.pdf\" target=\"_blank\" rel=\"noopener noreferrer\">edital<\/a>.<\/p>\n<\/div>\n<div class=\"mc-column content-text active-extra-styles\" style=\"text-align: justify;\" data-block-type=\"raw\" data-block-weight=\"2\" data-block-id=\"28\">\n<div class=\"content-intertitle\">\n<h2>Soldado PM<\/h2>\n<\/div>\n<\/div>\n<div class=\"mc-column content-text active-extra-styles \" style=\"text-align: justify;\" data-block-type=\"unstyled\" data-block-weight=\"58\" data-block-id=\"29\">\n<p class=\"content-text__container \" data-track-category=\"Link no Texto\" data-track-links=\"\">Est\u00e3o abertas as inscri\u00e7\u00f5es para ingresso na Pol\u00edcia Militar do Estado de S\u00e3o Paulo. O certame \u00e9 voltado ao preenchimento de 2,7 mil vagas para o cargo de soldado de 2\u00aa classe, destinadas a candidatos dos sexos feminino e masculino. Os interessados devem garantir a participa\u00e7\u00e3o at\u00e9 25 de setembro, pela\u00a0<a href=\"https:\/\/www.vunesp.com.br\/PMES1902\" target=\"_blank\" rel=\"noopener noreferrer\">internet<\/a>. A taxa \u00e9 de R$ 50.<\/p>\n<\/div>\n<div class=\"mc-column content-text active-extra-styles \" style=\"text-align: justify;\" data-block-type=\"unstyled\" data-block-weight=\"29\" data-block-id=\"30\">\n<p class=\"content-text__container \" data-track-category=\"Link no Texto\" data-track-links=\"\">Podem participar pessoas com idades entre 17 e 30 anos. A altura m\u00ednima exigida para a fun\u00e7\u00e3o \u00e9 de 1,55 metro para mulheres e de 1,60 metro para homens.<\/p>\n<\/div>\n<div class=\"mc-column content-text active-extra-styles \" style=\"text-align: justify;\" data-block-type=\"unstyled\" data-block-weight=\"45\" data-block-id=\"31\">\n<p class=\"content-text__container \" data-track-category=\"Link no Texto\" data-track-links=\"\">A prova de conhecimentos est\u00e1 prevista para ser aplicada em 24 de novembro em v\u00e1rias cidades, entre elas, Presidente Prudente. A avalia\u00e7\u00e3o \u00e9 composta por 60 quest\u00f5es divididas entre conte\u00fados de l\u00edngua portuguesa, matem\u00e1tica, conhecimentos gerais, no\u00e7\u00f5es b\u00e1sicas de inform\u00e1tica e no\u00e7\u00f5es de administra\u00e7\u00e3o p\u00fablica.<\/p>\n<\/div>\n<div class=\"mc-column content-text active-extra-styles \" style=\"text-align: justify;\" data-block-type=\"unstyled\" data-block-weight=\"47\" data-block-id=\"32\">\n<p class=\"content-text__container \" data-track-category=\"Link no Texto\" data-track-links=\"\">O concurso p\u00fablico conta com v\u00e1rias etapas, sendo a prova de conhecimentos e testes f\u00edsicos (de car\u00e1ter classificat\u00f3rio e eliminat\u00f3rio), bem como avalia\u00e7\u00f5es m\u00e9dicas e psicol\u00f3gicas, investiga\u00e7\u00e3o de conduta social e an\u00e1lise de documentos (de car\u00e1ter eliminat\u00f3rio). O valor da remunera\u00e7\u00e3o dos aprovados \u00e9 de R$ 3.164,58.<\/p>\n<\/div>\n<div class=\"mc-column content-text active-extra-styles \" style=\"text-align: justify;\" data-block-type=\"unstyled\" data-block-weight=\"7\" data-block-id=\"33\">\n<p class=\"content-text__container \" data-track-category=\"Link no Texto\" data-track-links=\"\">Mais detalhes podem ser consultados no\u00a0<a href=\"https:\/\/documento.vunesp.com.br\/documento\/stream\/MTI5MDc1NQ%3d%3d\" target=\"_blank\" rel=\"noopener noreferrer\">edital<\/a>.<\/p>\n<\/div>\n<div class=\"mc-column content-text active-extra-styles\" style=\"text-align: justify;\" data-block-type=\"raw\" data-block-weight=\"2\" data-block-id=\"34\">\n<div class=\"content-intertitle\">\n<h2>Minist\u00e9rio P\u00fablico<\/h2>\n<\/div>\n<\/div>\n<div class=\"mc-column content-text active-extra-styles \" style=\"text-align: justify;\" data-block-type=\"unstyled\" data-block-weight=\"30\" data-block-id=\"35\">\n<p class=\"content-text__container \" data-track-category=\"Link no Texto\" data-track-links=\"\">O Minist\u00e9rio P\u00fablico do Estado de S\u00e3o Paulo (MP-SP) est\u00e1 com inscri\u00e7\u00f5es abertas em um processo seletivo para estagi\u00e1rios na \u00e1rea de Direito. S\u00e3o 44 vagas dispon\u00edveis em\u00a0<a href=\"https:\/\/g1.globo.com\/sp\/presidente-prudente-regiao\/cidade\/presidente-prudente\/\">Presidente Prudente<\/a>.<\/p>\n<\/div>\n<div class=\"mc-column content-text active-extra-styles \" style=\"text-align: justify;\" data-block-type=\"unstyled\" data-block-weight=\"25\" data-block-id=\"36\">\n<p class=\"content-text__container \" data-track-category=\"Link no Texto\" data-track-links=\"\">O estagi\u00e1rio dever\u00e1 exercer suas fun\u00e7\u00f5es em regime de 20 horas semanais, distribu\u00eddas em quatro horas di\u00e1rias. O valor da remunera\u00e7\u00e3o \u00e9 de R$ 750.<\/p>\n<\/div>\n<div class=\"mc-column content-text active-extra-styles \" style=\"text-align: justify;\" data-block-type=\"unstyled\" data-block-weight=\"22\" data-block-id=\"37\">\n<p class=\"content-text__container \" data-track-category=\"Link no Texto\" data-track-links=\"\">Os interessados devem efetuar inscri\u00e7\u00f5es, com taxa no valor de R$ 80, at\u00e9 \u00e0s 17h do dia 27 de setembro pela\u00a0<a href=\"https:\/\/wwwj.mpsp.mp.br\/eventosInscricao\/evento!carregarEvento.action\" target=\"_blank\" rel=\"noopener noreferrer\">internet<\/a>.<\/p>\n<\/div>\n<div class=\"mc-column content-text active-extra-styles \" data-block-type=\"unstyled\" data-block-weight=\"6\" data-block-id=\"38\">\n<p class=\"content-text__container \" style=\"text-align: justify;\" data-track-category=\"Link no Texto\" data-track-links=\"\">O edital pode ser consultado\u00a0<a href=\"https:\/\/docs.wixstatic.com\/ugd\/fba7a4_b1cc926d13cc417cbeea398017ad016a.pdf\" target=\"_blank\" rel=\"noopener noreferrer\">aqui<\/a>.<\/p>\n<\/div>\n<\/div>\n","protected":false},"excerpt":{"rendered":"<p>Vagas s\u00e3o para a forma\u00e7\u00e3o de cadastro reserva e inscri\u00e7\u00f5es devem ser feitas pela internet. Nesta semana, diversos concursos p\u00fablicos e processos seletivos est\u00e3o com inscri\u00e7\u00f5es abertas no Oeste Paulista voltados ao preenchimento de vagas e \u00e0 forma\u00e7\u00e3o de cadastro reserva. As jornadas de trabalho, os benef\u00edcios, as fun\u00e7\u00f5es e os sal\u00e1rios variam de acordo [&hellip;]<\/p>\n","protected":false},"author":1,"featured_media":6575,"comment_status":"closed","ping_status":"open","sticky":false,"template":"","format":"standard","meta":{"footnotes":""},"categories":[114],"tags":[],"class_list":["post-6574","post","type-post","status-publish","format-standard","has-post-thumbnail","hentry","category-geralecomercio"],"_links":{"self":[{"href":"https:\/\/jorgezanoni.com.br\/2019\/wp-json\/wp\/v2\/posts\/6574","targetHints":{"allow":["GET"]}}],"collection":[{"href":"https:\/\/jorgezanoni.com.br\/2019\/wp-json\/wp\/v2\/posts"}],"about":[{"href":"https:\/\/jorgezanoni.com.br\/2019\/wp-json\/wp\/v2\/types\/post"}],"author":[{"embeddable":true,"href":"https:\/\/jorgezanoni.com.br\/2019\/wp-json\/wp\/v2\/users\/1"}],"replies":[{"embeddable":true,"href":"https:\/\/jorgezanoni.com.br\/2019\/wp-json\/wp\/v2\/comments?post=6574"}],"version-history":[{"count":0,"href":"https:\/\/jorgezanoni.com.br\/2019\/wp-json\/wp\/v2\/posts\/6574\/revisions"}],"wp:featuredmedia":[{"embeddable":true,"href":"https:\/\/jorgezanoni.com.br\/2019\/wp-json\/wp\/v2\/media\/6575"}],"wp:attachment":[{"href":"https:\/\/jorgezanoni.com.br\/2019\/wp-json\/wp\/v2\/media?parent=6574"}],"wp:term":[{"taxonomy":"category","embeddable":true,"href":"https:\/\/jorgezanoni.com.br\/2019\/wp-json\/wp\/v2\/categories?post=6574"},{"taxonomy":"post_tag","embeddable":true,"href":"https:\/\/jorgezanoni.com.br\/2019\/wp-json\/wp\/v2\/tags?post=6574"}],"curies":[{"name":"wp","href":"https:\/\/api.w.org\/{rel}","templated":true}]}}