{"id":6571,"date":"2019-09-18T16:27:42","date_gmt":"2019-09-18T16:27:42","guid":{"rendered":"https:\/\/jorgezanoni.com.br\/2019\/?p=6571"},"modified":"2019-09-18T16:28:14","modified_gmt":"2019-09-18T16:28:14","slug":"avapac-participa-de-encontro-regional-de-voluntarios-em-adamantina","status":"publish","type":"post","link":"https:\/\/jorgezanoni.com.br\/2019\/avapac-participa-de-encontro-regional-de-voluntarios-em-adamantina\/","title":{"rendered":"AVAPAC participa de Encontro Regional de volunt\u00e1rios em Adamantina"},"content":{"rendered":"<p style=\"text-align: justify;\">Neste s\u00e1bado, a AVAPAC &#8211; Associa\u00e7\u00e3o de Volunt\u00e1rios de Apoio aos Pacientes de C\u00e2ncer, entidade dracenense, estar\u00e1 participando, em Adamantina, do Encontro Regional de volunt\u00e1rios, promovido pelo Hospital Amaral Carvalho, de Ja\u00fa. Para o evento, marcado para ter in\u00edcio \u00e0s 9 horas, foram convidados volunt\u00e1rios das cidades de Hercul\u00e2ndia, Bastos,Iacri, Rin\u00f3polis, Parapu\u00e3, Luc\u00e9lia, Osvaldo Cruz, Junqueir\u00f3polis, Ouro Verde, Tupi Paulista, Monte Castelo, S\u00e3o Jo\u00e3o do Pau D\u2019Alho, Paulic\u00e9ia, Panorama, Brasil\u00e2ndia, Bataguassu, Rancharia e Presidente Epit\u00e1cio.<\/p>\n<p style=\"text-align: justify;\">De acordo com Jos\u00e9 Eduardo Nadalet, coordenador das Ligas de Combate ao C\u00e2ncer do HAC, encontros semelhantes j\u00e1 foram realizados, inclusive em outras regi\u00f5es do estado. \u201cDesta vez, haver\u00e1 duas palestras com m\u00e9dicos do hospital: uma com o Dr. Batista de Oliveira J\u00fanior, m\u00e9dico chefe da Radioterapia e a outra com Dr. Guilherme Prado Costa, da equipe de Urologia\u201d.<\/p>\n<p style=\"text-align: justify;\">A abertura do encontro, que ter\u00e1 lugar no Clube Canda, no km 588 da SP-294, ser\u00e1 feita pela presidente da Rede de Combate ao C\u00e2ncer\u00a0 de Adamantina, Radige Mostaf\u00e1 Bernardo Sp\u00f3sito\u00a0 e por\u00a0 Jos\u00e9 Eduardo Nadalet. Ap\u00f3s as palestras, as cidades participantes ter\u00e3o a oportunidade de trocarem experi\u00eancias. Encerrando o encontro haver\u00e1 almo\u00e7o de confraterniza\u00e7\u00e3o.<\/p>\n<p style=\"text-align: justify;\">Fonte: Avapac Divulga\u00e7\u00e3o<\/p>\n<p style=\"text-align: justify;\">\n","protected":false},"excerpt":{"rendered":"<p>Neste s\u00e1bado, a AVAPAC &#8211; Associa\u00e7\u00e3o de Volunt\u00e1rios de Apoio aos Pacientes de C\u00e2ncer, entidade dracenense, estar\u00e1 participando, em Adamantina, do Encontro Regional de volunt\u00e1rios, promovido pelo Hospital Amaral Carvalho, de Ja\u00fa. Para o evento, marcado para ter in\u00edcio \u00e0s 9 horas, foram convidados volunt\u00e1rios das cidades de Hercul\u00e2ndia, Bastos,Iacri, Rin\u00f3polis, Parapu\u00e3, Luc\u00e9lia, Osvaldo Cruz, [&hellip;]<\/p>\n","protected":false},"author":1,"featured_media":6572,"comment_status":"closed","ping_status":"open","sticky":false,"template":"","format":"standard","meta":{"footnotes":""},"categories":[114],"tags":[],"class_list":["post-6571","post","type-post","status-publish","format-standard","has-post-thumbnail","hentry","category-geralecomercio"],"_links":{"self":[{"href":"https:\/\/jorgezanoni.com.br\/2019\/wp-json\/wp\/v2\/posts\/6571","targetHints":{"allow":["GET"]}}],"collection":[{"href":"https:\/\/jorgezanoni.com.br\/2019\/wp-json\/wp\/v2\/posts"}],"about":[{"href":"https:\/\/jorgezanoni.com.br\/2019\/wp-json\/wp\/v2\/types\/post"}],"author":[{"embeddable":true,"href":"https:\/\/jorgezanoni.com.br\/2019\/wp-json\/wp\/v2\/users\/1"}],"replies":[{"embeddable":true,"href":"https:\/\/jorgezanoni.com.br\/2019\/wp-json\/wp\/v2\/comments?post=6571"}],"version-history":[{"count":0,"href":"https:\/\/jorgezanoni.com.br\/2019\/wp-json\/wp\/v2\/posts\/6571\/revisions"}],"wp:featuredmedia":[{"embeddable":true,"href":"https:\/\/jorgezanoni.com.br\/2019\/wp-json\/wp\/v2\/media\/6572"}],"wp:attachment":[{"href":"https:\/\/jorgezanoni.com.br\/2019\/wp-json\/wp\/v2\/media?parent=6571"}],"wp:term":[{"taxonomy":"category","embeddable":true,"href":"https:\/\/jorgezanoni.com.br\/2019\/wp-json\/wp\/v2\/categories?post=6571"},{"taxonomy":"post_tag","embeddable":true,"href":"https:\/\/jorgezanoni.com.br\/2019\/wp-json\/wp\/v2\/tags?post=6571"}],"curies":[{"name":"wp","href":"https:\/\/api.w.org\/{rel}","templated":true}]}}