{"id":65699,"date":"2022-06-27T15:27:57","date_gmt":"2022-06-27T15:27:57","guid":{"rendered":"https:\/\/jorgezanoni.com.br\/2019\/?p=65699"},"modified":"2022-06-27T15:27:57","modified_gmt":"2022-06-27T15:27:57","slug":"policias-civil-e-militar-em-conjunto-recuperam-veiculo-furtado-em-tres-lagoas","status":"publish","type":"post","link":"https:\/\/jorgezanoni.com.br\/2019\/policias-civil-e-militar-em-conjunto-recuperam-veiculo-furtado-em-tres-lagoas\/","title":{"rendered":"Pol\u00edcias Civil e Militar em conjunto recuperam ve\u00edculo furtado em Tr\u00eas Lagoas"},"content":{"rendered":"<p><strong>Atua\u00e7\u00e3o conjunta entre Pol\u00edcias Civil e Militar de Junqueir\u00f3polis recupera ve\u00edculo furtado em Tr\u00eas Lagoas.<\/strong><\/p>\n<p style=\"text-align: justify;\">Na madrugada desta segunda feira, policiais civis foram contatados por policias civis de Tr\u00eas Lagoas no Mato Grosso do Sul, dando conta da subtra\u00e7\u00e3o de um ve\u00edculo Hyundai Creta de propriedade da Diocese daquela cidade.<\/p>\n<p style=\"text-align: justify;\">As informa\u00e7\u00f5es eram no sentido de que o ve\u00edculo havia se deslocado para esta cidade.<br \/>\nCom base nestas informa\u00e7\u00f5es, a Pol\u00edcia Civil de Junqueir\u00f3polis estabeleceu contato com a equipe policial militar em patrulhamento fornecendo os dados para localiza\u00e7\u00e3o do ve\u00edculo<br \/>\nO ve\u00edculo foi localizado em Junqueir\u00f3polis e conduzido at\u00e9 a Delegacia de Pol\u00edcia.<br \/>\nEle ser\u00e1 restitu\u00eddo \u00e0 vitima.<\/p>\n<p style=\"text-align: justify;\">O autor do crime foi identificado e responder\u00e1 pelo crime de furto, em inqu\u00e9rito policial que tramita por Tr\u00eas Lagoas.<\/p>\n<p>Fonte: Com. Social Pol\u00edcia Civil<\/p>\n","protected":false},"excerpt":{"rendered":"<p>Atua\u00e7\u00e3o conjunta entre Pol\u00edcias Civil e Militar de Junqueir\u00f3polis recupera ve\u00edculo furtado em Tr\u00eas Lagoas. Na madrugada desta segunda feira, policiais civis foram contatados por policias civis de Tr\u00eas Lagoas no Mato Grosso do Sul, dando conta da subtra\u00e7\u00e3o de um ve\u00edculo Hyundai Creta de propriedade da Diocese daquela cidade. As informa\u00e7\u00f5es eram no sentido [&hellip;]<\/p>\n","protected":false},"author":1,"featured_media":65700,"comment_status":"closed","ping_status":"open","sticky":false,"template":"","format":"standard","meta":{"footnotes":""},"categories":[110,2],"tags":[],"class_list":["post-65699","post","type-post","status-publish","format-standard","has-post-thumbnail","hentry","category-noticiasdestaque","category-policial"],"_links":{"self":[{"href":"https:\/\/jorgezanoni.com.br\/2019\/wp-json\/wp\/v2\/posts\/65699","targetHints":{"allow":["GET"]}}],"collection":[{"href":"https:\/\/jorgezanoni.com.br\/2019\/wp-json\/wp\/v2\/posts"}],"about":[{"href":"https:\/\/jorgezanoni.com.br\/2019\/wp-json\/wp\/v2\/types\/post"}],"author":[{"embeddable":true,"href":"https:\/\/jorgezanoni.com.br\/2019\/wp-json\/wp\/v2\/users\/1"}],"replies":[{"embeddable":true,"href":"https:\/\/jorgezanoni.com.br\/2019\/wp-json\/wp\/v2\/comments?post=65699"}],"version-history":[{"count":0,"href":"https:\/\/jorgezanoni.com.br\/2019\/wp-json\/wp\/v2\/posts\/65699\/revisions"}],"wp:featuredmedia":[{"embeddable":true,"href":"https:\/\/jorgezanoni.com.br\/2019\/wp-json\/wp\/v2\/media\/65700"}],"wp:attachment":[{"href":"https:\/\/jorgezanoni.com.br\/2019\/wp-json\/wp\/v2\/media?parent=65699"}],"wp:term":[{"taxonomy":"category","embeddable":true,"href":"https:\/\/jorgezanoni.com.br\/2019\/wp-json\/wp\/v2\/categories?post=65699"},{"taxonomy":"post_tag","embeddable":true,"href":"https:\/\/jorgezanoni.com.br\/2019\/wp-json\/wp\/v2\/tags?post=65699"}],"curies":[{"name":"wp","href":"https:\/\/api.w.org\/{rel}","templated":true}]}}