{"id":6567,"date":"2019-09-18T16:03:41","date_gmt":"2019-09-18T16:03:41","guid":{"rendered":"https:\/\/jorgezanoni.com.br\/2019\/?p=6567"},"modified":"2019-09-18T16:03:41","modified_gmt":"2019-09-18T16:03:41","slug":"comitiva-da-santa-casa-e-unifadra-de-dracena-e-recebida-pela-direcao-da-santa-casa-de-franca","status":"publish","type":"post","link":"https:\/\/jorgezanoni.com.br\/2019\/comitiva-da-santa-casa-e-unifadra-de-dracena-e-recebida-pela-direcao-da-santa-casa-de-franca\/","title":{"rendered":"Comitiva da Santa Casa e Unifadra de Dracena \u00e9 recebida pela dire\u00e7\u00e3o da Santa Casa de Franca"},"content":{"rendered":"<p style=\"font-weight: 400; text-align: justify;\"><strong>Nesta ter\u00e7a-feira (17), uma comitiva formada pela Irmandade da Santa Casa de Dracena e por diretores da Unifadra\/Fundec se reuniu com a dire\u00e7\u00e3o da Santa Casa de Franca para trocar informa\u00e7\u00f5es e conhecer o programa de internato daquela unidade hospitalar.\u00a0<\/strong><\/p>\n<p><img loading=\"lazy\" decoding=\"async\" class=\"alignnone size-full wp-image-6568\" src=\"https:\/\/jorgezanoni.com.br\/2019\/wp-content\/uploads\/2019\/09\/sta1.jpg\" alt=\"\" width=\"1280\" height=\"590\" srcset=\"https:\/\/jorgezanoni.com.br\/2019\/wp-content\/uploads\/2019\/09\/sta1.jpg 1280w, https:\/\/jorgezanoni.com.br\/2019\/wp-content\/uploads\/2019\/09\/sta1-300x138.jpg 300w, https:\/\/jorgezanoni.com.br\/2019\/wp-content\/uploads\/2019\/09\/sta1-768x354.jpg 768w, https:\/\/jorgezanoni.com.br\/2019\/wp-content\/uploads\/2019\/09\/sta1-1024x472.jpg 1024w, https:\/\/jorgezanoni.com.br\/2019\/wp-content\/uploads\/2019\/09\/sta1-696x321.jpg 696w, https:\/\/jorgezanoni.com.br\/2019\/wp-content\/uploads\/2019\/09\/sta1-1068x492.jpg 1068w, https:\/\/jorgezanoni.com.br\/2019\/wp-content\/uploads\/2019\/09\/sta1-911x420.jpg 911w\" sizes=\"auto, (max-width: 1280px) 100vw, 1280px\" \/><\/p>\n<p style=\"font-weight: 400; text-align: justify;\">A partir de 2021, os acad\u00eamicos do curso de Medicina da Unifadra, mantida pela Fundec, ir\u00e3o utilizar a Santa Casa de Dracena para o internato.<\/p>\n<p style=\"font-weight: 400; text-align: justify;\">Segundo Celso Santin, vice-provedor da Santa Casa de Dracena, desde o ano passado v\u00e1rias reuni\u00f5es foram feitas para um planejamento estrat\u00e9gico, visando desenvolver a\u00e7\u00f5es para adequar o hospital que ir\u00e1 receber os acad\u00eamicos.<\/p>\n<p style=\"font-weight: 400; text-align: justify;\">\u201cA dire\u00e7\u00e3o da Santa Casa de Dracena j\u00e1 percorreu outras unidades de sa\u00fade a fim de conhecer e trocar experi\u00eancias para as melhores pr\u00e1ticas de um internato,\u201d comentou o provedor.<\/p>\n<p style=\"font-weight: 400; text-align: justify;\">Em Franca, a comitiva conheceu as instala\u00e7\u00f5es do Hospital, e teve contato com Tony Graciano, presidente; Dr.Ciro de Castro Botto, diretor cl\u00ednico; Priscilla Le\u00e3o, gerente de desenvolvimento humano e D\u00e9bora Nassif, respons\u00e1vel\u00a0por\u00a0Ensino e Pesquisa do Hospital de Franca.<\/p>\n<p style=\"font-weight: 400; text-align: justify;\">Graciano se colocou\u00a0\u00e0\u00a0disposi\u00e7\u00e3o dos membros da Santa Casa de Dracena e da Unifadra\/Fundec para colaborar nesse processo e\u00a0enalteceu a visita como forma de compartilhar conhecimento sobre o internato.<\/p>\n<p style=\"font-weight: 400; text-align: justify;\">Edson Kai, diretor executivo da Fundec, lembrou que a Santa Casa de Dracena esteve presente desde a busca do curso de Medicina at\u00e9 a sua implanta\u00e7\u00e3o, e agora est\u00e1 tamb\u00e9m focada no planejamento estrat\u00e9gico para o internato dos alunos.<\/p>\n<p style=\"font-weight: 400; text-align: justify;\">\u201cNosso aluno ter\u00e1 acesso \u00e0s melhores pr\u00e1ticas de um internato, em que a tecnologia, os processos e a inova\u00e7\u00e3o nortear\u00e3o esses dois anos intensivos na Santa Casa de Dracena\u201d, finalizou.<\/p>\n<p style=\"font-weight: 400; text-align: justify;\">A visita foi agendada pelo Uni-Facef.<strong>\u00a0<\/strong><\/p>\n<p style=\"font-weight: 400; text-align: justify;\"><em>Fernando Nunes<\/em><\/p>\n<p style=\"font-weight: 400; text-align: justify;\">Diretor de Comunica\u00e7\u00e3o Fundec<\/p>\n<p style=\"font-weight: 400; text-align: justify;\">Fotos:\u00a0 Reuni\u00e3o com representantes da Unifadra\/Fundec; da Santa Casa de Dracena e do Hospital\u00a0 de Franca e Pauta foi a troca de informa\u00e7\u00f5es sobre o internato.<\/p>\n","protected":false},"excerpt":{"rendered":"<p>Nesta ter\u00e7a-feira (17), uma comitiva formada pela Irmandade da Santa Casa de Dracena e por diretores da Unifadra\/Fundec se reuniu com a dire\u00e7\u00e3o da Santa Casa de Franca para trocar informa\u00e7\u00f5es e conhecer o programa de internato daquela unidade hospitalar.\u00a0 A partir de 2021, os acad\u00eamicos do curso de Medicina da Unifadra, mantida pela Fundec, [&hellip;]<\/p>\n","protected":false},"author":1,"featured_media":6569,"comment_status":"closed","ping_status":"open","sticky":false,"template":"","format":"standard","meta":{"footnotes":""},"categories":[122],"tags":[],"class_list":["post-6567","post","type-post","status-publish","format-standard","has-post-thumbnail","hentry","category-saudeeducacaoeconcurso"],"_links":{"self":[{"href":"https:\/\/jorgezanoni.com.br\/2019\/wp-json\/wp\/v2\/posts\/6567","targetHints":{"allow":["GET"]}}],"collection":[{"href":"https:\/\/jorgezanoni.com.br\/2019\/wp-json\/wp\/v2\/posts"}],"about":[{"href":"https:\/\/jorgezanoni.com.br\/2019\/wp-json\/wp\/v2\/types\/post"}],"author":[{"embeddable":true,"href":"https:\/\/jorgezanoni.com.br\/2019\/wp-json\/wp\/v2\/users\/1"}],"replies":[{"embeddable":true,"href":"https:\/\/jorgezanoni.com.br\/2019\/wp-json\/wp\/v2\/comments?post=6567"}],"version-history":[{"count":0,"href":"https:\/\/jorgezanoni.com.br\/2019\/wp-json\/wp\/v2\/posts\/6567\/revisions"}],"wp:featuredmedia":[{"embeddable":true,"href":"https:\/\/jorgezanoni.com.br\/2019\/wp-json\/wp\/v2\/media\/6569"}],"wp:attachment":[{"href":"https:\/\/jorgezanoni.com.br\/2019\/wp-json\/wp\/v2\/media?parent=6567"}],"wp:term":[{"taxonomy":"category","embeddable":true,"href":"https:\/\/jorgezanoni.com.br\/2019\/wp-json\/wp\/v2\/categories?post=6567"},{"taxonomy":"post_tag","embeddable":true,"href":"https:\/\/jorgezanoni.com.br\/2019\/wp-json\/wp\/v2\/tags?post=6567"}],"curies":[{"name":"wp","href":"https:\/\/api.w.org\/{rel}","templated":true}]}}