{"id":65645,"date":"2022-06-26T21:42:26","date_gmt":"2022-06-26T21:42:26","guid":{"rendered":"https:\/\/jorgezanoni.com.br\/2019\/?p=65645"},"modified":"2022-06-26T21:42:26","modified_gmt":"2022-06-26T21:42:26","slug":"policia-civil-integra-acao-de-simulacao-de-abandono-de-edificacao-em-caso-de-incendio-em-dracena","status":"publish","type":"post","link":"https:\/\/jorgezanoni.com.br\/2019\/policia-civil-integra-acao-de-simulacao-de-abandono-de-edificacao-em-caso-de-incendio-em-dracena\/","title":{"rendered":"Pol\u00edcia Civil integra a\u00e7\u00e3o de simula\u00e7\u00e3o de abandono de edifica\u00e7\u00e3o em caso de inc\u00eandio em Dracena"},"content":{"rendered":"<p style=\"text-align: justify;\"><strong>O simulado de abandono emergencial de edifica\u00e7\u00e3o ocorreu no pr\u00e9dio do Posto do Poupatempo em Dracena.<\/strong><\/p>\n<p style=\"text-align: justify;\">A Pol\u00edcia Civil, por interm\u00e9dio da Delegacia Seccional de Pol\u00edcia de Dracena, integrou neste s\u00e1bado (25), for\u00e7a de trabalho para atua\u00e7\u00e3o em simula\u00e7\u00e3o de abandono emergencial de edifica\u00e7\u00e3o em caso de inc\u00eandio, em Dracena. A a\u00e7\u00e3o ocorreu no pr\u00e9dio do Posto do Poupatempo.<br \/>\nNo exerc\u00edcio simulado, a equipe de brigadistas do Poupatempo, ap\u00f3s acionamento da sirene de alarme contra inc\u00eandio realizou a simula\u00e7\u00e3o emergencial do plano de abandono do pr\u00e9dio, organizando a retirada dos colaboradores e dos demais usu\u00e1rios da instala\u00e7\u00e3o.<br \/>\nA Pol\u00edcia Civil esteve no local, juntamente com outras for\u00e7as de seguran\u00e7a e emerg\u00eancia, como o Corpo de Bombeiros, para colaborar com a realiza\u00e7\u00e3o do evento, e auxiliar em eventual caso real de necessidade.<\/p>\n<p><img loading=\"lazy\" decoding=\"async\" class=\"alignnone size-full wp-image-65646\" src=\"https:\/\/jorgezanoni.com.br\/2019\/wp-content\/uploads\/2022\/06\/ci3.jpg\" alt=\"\" width=\"700\" height=\"393\" srcset=\"https:\/\/jorgezanoni.com.br\/2019\/wp-content\/uploads\/2022\/06\/ci3.jpg 700w, https:\/\/jorgezanoni.com.br\/2019\/wp-content\/uploads\/2022\/06\/ci3-300x168.jpg 300w, https:\/\/jorgezanoni.com.br\/2019\/wp-content\/uploads\/2022\/06\/ci3-696x391.jpg 696w\" sizes=\"auto, (max-width: 700px) 100vw, 700px\" \/> <img loading=\"lazy\" decoding=\"async\" class=\"alignnone size-full wp-image-65647\" src=\"https:\/\/jorgezanoni.com.br\/2019\/wp-content\/uploads\/2022\/06\/ci1.jpg\" alt=\"\" width=\"700\" height=\"525\" srcset=\"https:\/\/jorgezanoni.com.br\/2019\/wp-content\/uploads\/2022\/06\/ci1.jpg 700w, https:\/\/jorgezanoni.com.br\/2019\/wp-content\/uploads\/2022\/06\/ci1-300x225.jpg 300w, https:\/\/jorgezanoni.com.br\/2019\/wp-content\/uploads\/2022\/06\/ci1-80x60.jpg 80w, https:\/\/jorgezanoni.com.br\/2019\/wp-content\/uploads\/2022\/06\/ci1-265x198.jpg 265w, https:\/\/jorgezanoni.com.br\/2019\/wp-content\/uploads\/2022\/06\/ci1-696x522.jpg 696w, https:\/\/jorgezanoni.com.br\/2019\/wp-content\/uploads\/2022\/06\/ci1-560x420.jpg 560w\" sizes=\"auto, (max-width: 700px) 100vw, 700px\" \/> <img loading=\"lazy\" decoding=\"async\" class=\"alignnone size-full wp-image-65649\" src=\"https:\/\/jorgezanoni.com.br\/2019\/wp-content\/uploads\/2022\/06\/ci3-1.jpg\" alt=\"\" width=\"700\" height=\"393\" srcset=\"https:\/\/jorgezanoni.com.br\/2019\/wp-content\/uploads\/2022\/06\/ci3-1.jpg 700w, https:\/\/jorgezanoni.com.br\/2019\/wp-content\/uploads\/2022\/06\/ci3-1-300x168.jpg 300w, https:\/\/jorgezanoni.com.br\/2019\/wp-content\/uploads\/2022\/06\/ci3-1-696x391.jpg 696w\" sizes=\"auto, (max-width: 700px) 100vw, 700px\" \/>Fonte: Com. Social Pol\u00edcia Civil<\/p>\n","protected":false},"excerpt":{"rendered":"<p>O simulado de abandono emergencial de edifica\u00e7\u00e3o ocorreu no pr\u00e9dio do Posto do Poupatempo em Dracena. A Pol\u00edcia Civil, por interm\u00e9dio da Delegacia Seccional de Pol\u00edcia de Dracena, integrou neste s\u00e1bado (25), for\u00e7a de trabalho para atua\u00e7\u00e3o em simula\u00e7\u00e3o de abandono emergencial de edifica\u00e7\u00e3o em caso de inc\u00eandio, em Dracena. A a\u00e7\u00e3o ocorreu no pr\u00e9dio [&hellip;]<\/p>\n","protected":false},"author":1,"featured_media":65648,"comment_status":"closed","ping_status":"open","sticky":false,"template":"","format":"standard","meta":{"footnotes":""},"categories":[110,2],"tags":[],"class_list":["post-65645","post","type-post","status-publish","format-standard","has-post-thumbnail","hentry","category-noticiasdestaque","category-policial"],"_links":{"self":[{"href":"https:\/\/jorgezanoni.com.br\/2019\/wp-json\/wp\/v2\/posts\/65645","targetHints":{"allow":["GET"]}}],"collection":[{"href":"https:\/\/jorgezanoni.com.br\/2019\/wp-json\/wp\/v2\/posts"}],"about":[{"href":"https:\/\/jorgezanoni.com.br\/2019\/wp-json\/wp\/v2\/types\/post"}],"author":[{"embeddable":true,"href":"https:\/\/jorgezanoni.com.br\/2019\/wp-json\/wp\/v2\/users\/1"}],"replies":[{"embeddable":true,"href":"https:\/\/jorgezanoni.com.br\/2019\/wp-json\/wp\/v2\/comments?post=65645"}],"version-history":[{"count":0,"href":"https:\/\/jorgezanoni.com.br\/2019\/wp-json\/wp\/v2\/posts\/65645\/revisions"}],"wp:featuredmedia":[{"embeddable":true,"href":"https:\/\/jorgezanoni.com.br\/2019\/wp-json\/wp\/v2\/media\/65648"}],"wp:attachment":[{"href":"https:\/\/jorgezanoni.com.br\/2019\/wp-json\/wp\/v2\/media?parent=65645"}],"wp:term":[{"taxonomy":"category","embeddable":true,"href":"https:\/\/jorgezanoni.com.br\/2019\/wp-json\/wp\/v2\/categories?post=65645"},{"taxonomy":"post_tag","embeddable":true,"href":"https:\/\/jorgezanoni.com.br\/2019\/wp-json\/wp\/v2\/tags?post=65645"}],"curies":[{"name":"wp","href":"https:\/\/api.w.org\/{rel}","templated":true}]}}