{"id":65640,"date":"2022-06-26T21:05:17","date_gmt":"2022-06-26T21:05:17","guid":{"rendered":"https:\/\/jorgezanoni.com.br\/2019\/?p=65640"},"modified":"2022-06-26T21:05:17","modified_gmt":"2022-06-26T21:05:17","slug":"academica-da-unifadra-publica-artigo-sobre-os-impactos-da-pandemia-na-rotina-dos-atletas","status":"publish","type":"post","link":"https:\/\/jorgezanoni.com.br\/2019\/academica-da-unifadra-publica-artigo-sobre-os-impactos-da-pandemia-na-rotina-dos-atletas\/","title":{"rendered":"Acad\u00eamica da Unifadra publica artigo sobre &#8220;Os impactos da pandemia na rotina dos atletas&#8221;"},"content":{"rendered":"<p style=\"text-align: justify;\"><span style=\"font-size: large;\">A acad\u00eamica Diene Aparecida Silva Costa, aluna do 9\u00ba termo do curso de Psicologia da Unifadra Dracena, \u00e9 autora do cap\u00edtulo 3 do livro eletr\u00f4nico &#8220;Ci\u00eancias humanas: desafios metodol\u00f3gicos e resultados emp\u00edricos 2&#8221;, publicado pela Editora Atena em 2022. Com o t\u00edtulo &#8220;Os impactos da pandemia na rotina dos atletas&#8221;, o artigo retrata a experi\u00eancia de atletas de alto rendimento, jogadores de futebol de 2\u00aa divis\u00e3o, em seu cotidiano.<\/span><\/p>\n<p><span style=\"font-size: large;\">&#8220;A aluna Diene foi convidada a publicar em virtude do seu trabalho de est\u00e1gio b\u00e1sico, apresentado em uma institui\u00e7\u00e3o da regi\u00e3o, que chamou a aten\u00e7\u00e3o dos editores do livro&#8221;, relata a Profa. Ma. Cl\u00e1udia Regina Parra, que orientou a acad\u00eamica da Unifadra Dracena.<\/span><\/p>\n<p><span style=\"font-size: large;\">&#8220;Neste caso, a aluna trouxe uma contribui\u00e7\u00e3o da Psicologia, com seu olhar reflexivo em um esporte t\u00e3o rotineiro em nosso pa\u00eds&#8221;, ressalta a professora. &#8220;Escrever sobre uma experi\u00eancia no contexto acad\u00eamico \u00e9 um meio importante para a comunica\u00e7\u00e3o do trabalho cient\u00edfico. Pesquisas e publica\u00e7\u00f5es s\u00e3o complementares ao ensino e contribuem para o acad\u00eamico na sua futura vida profissional&#8221;, acrescenta.<\/span><\/p>\n<p><span style=\"font-size: large;\">A Profa. Ma. Andrea Frizo de Carvalho Barbosa, coordenadora do curso de Psicologia, parabeniza a acad\u00eamica e a docente pelo estudo realizado e pela publica\u00e7\u00e3o. Afirma ainda que o curso de Psicologia da Unifadra, nos \u00faltimos anos, vem incentivando o \u00a0desenvolvimento e a publica\u00e7\u00e3o de estudos cient\u00edficos, se destacando em congressos e outros eventos cient\u00edficos.<\/span><\/p>\n<p><span style=\"font-size: large;\">Organizado por Am\u00e9rico Junior Nunes da Silva e Andr\u00e9 Ricardo Lucas Vieira, o livro eletr\u00f4nico re\u00fane estudos dos mais diversos campos do conhecimento, que se complementam e articulam, ampliando o olhar acerca dos diversos problemas que circundam a \u00e1rea de Ci\u00eancias Humanas.<\/span><\/p>\n<p><span style=\"font-size: large;\">A publica\u00e7\u00e3o est\u00e1 dispon\u00edvel em:\u00a0<a href=\"https:\/\/www.atenaeditora.com.br\/post-ebook\/5175\" target=\"_blank\" rel=\"noopener noreferrer\">https:\/\/www.atenaeditora.com.br\/post-ebook\/5175<\/a><\/span><\/p>\n<p><img loading=\"lazy\" decoding=\"async\" class=\"alignnone size-full wp-image-65643\" src=\"https:\/\/jorgezanoni.com.br\/2019\/wp-content\/uploads\/2022\/06\/livro1-1.png\" alt=\"\" width=\"166\" height=\"240\" \/><\/p>\n<p>Fonte: Depto. Comunica\u00e7\u00e3o Fundec<\/p>\n","protected":false},"excerpt":{"rendered":"<p>A acad\u00eamica Diene Aparecida Silva Costa, aluna do 9\u00ba termo do curso de Psicologia da Unifadra Dracena, \u00e9 autora do cap\u00edtulo 3 do livro eletr\u00f4nico &#8220;Ci\u00eancias humanas: desafios metodol\u00f3gicos e resultados emp\u00edricos 2&#8221;, publicado pela Editora Atena em 2022. Com o t\u00edtulo &#8220;Os impactos da pandemia na rotina dos atletas&#8221;, o artigo retrata a experi\u00eancia [&hellip;]<\/p>\n","protected":false},"author":1,"featured_media":65641,"comment_status":"closed","ping_status":"open","sticky":false,"template":"","format":"standard","meta":{"footnotes":""},"categories":[110,122],"tags":[],"class_list":["post-65640","post","type-post","status-publish","format-standard","has-post-thumbnail","hentry","category-noticiasdestaque","category-saudeeducacaoeconcurso"],"_links":{"self":[{"href":"https:\/\/jorgezanoni.com.br\/2019\/wp-json\/wp\/v2\/posts\/65640","targetHints":{"allow":["GET"]}}],"collection":[{"href":"https:\/\/jorgezanoni.com.br\/2019\/wp-json\/wp\/v2\/posts"}],"about":[{"href":"https:\/\/jorgezanoni.com.br\/2019\/wp-json\/wp\/v2\/types\/post"}],"author":[{"embeddable":true,"href":"https:\/\/jorgezanoni.com.br\/2019\/wp-json\/wp\/v2\/users\/1"}],"replies":[{"embeddable":true,"href":"https:\/\/jorgezanoni.com.br\/2019\/wp-json\/wp\/v2\/comments?post=65640"}],"version-history":[{"count":0,"href":"https:\/\/jorgezanoni.com.br\/2019\/wp-json\/wp\/v2\/posts\/65640\/revisions"}],"wp:featuredmedia":[{"embeddable":true,"href":"https:\/\/jorgezanoni.com.br\/2019\/wp-json\/wp\/v2\/media\/65641"}],"wp:attachment":[{"href":"https:\/\/jorgezanoni.com.br\/2019\/wp-json\/wp\/v2\/media?parent=65640"}],"wp:term":[{"taxonomy":"category","embeddable":true,"href":"https:\/\/jorgezanoni.com.br\/2019\/wp-json\/wp\/v2\/categories?post=65640"},{"taxonomy":"post_tag","embeddable":true,"href":"https:\/\/jorgezanoni.com.br\/2019\/wp-json\/wp\/v2\/tags?post=65640"}],"curies":[{"name":"wp","href":"https:\/\/api.w.org\/{rel}","templated":true}]}}