{"id":65635,"date":"2022-06-26T20:48:39","date_gmt":"2022-06-26T20:48:39","guid":{"rendered":"https:\/\/jorgezanoni.com.br\/2019\/?p=65635"},"modified":"2022-06-26T20:48:39","modified_gmt":"2022-06-26T20:48:39","slug":"dracena-tempersul-unifadra-tem-nova-equipe-de-preparacao-fisica","status":"publish","type":"post","link":"https:\/\/jorgezanoni.com.br\/2019\/dracena-tempersul-unifadra-tem-nova-equipe-de-preparacao-fisica\/","title":{"rendered":"Dracena Tempersul Unifadra tem nova equipe de prepara\u00e7\u00e3o f\u00edsica"},"content":{"rendered":"<p style=\"text-align: justify;\"><span style=\"font-size: large;\">Ap\u00f3s encerrar sua participa\u00e7\u00e3o na Copa LPF, o Dracena Tempersul Unifadra agora est\u00e1 focado em conquistar o tricampeonato da Liga Paulista de Futsal.<\/span><\/p>\n<p><span style=\"font-size: large;\">Buscando aprimorar o condicionamento f\u00edsico dos atletas para os pr\u00f3ximos confrontos &#8211; a estreia na Liga Paulista ser\u00e1 no dia 8 de julho frente ao Araraquara, fora de casa &#8211; a diretoria da equipe formalizou o convite para que Jos\u00e9 Augusto Camuci Junior e Anderson Rog\u00e9rio Lecca (Ded\u00ea) atuem como preparadores f\u00edsicos do time no campeonato.<\/span><\/p>\n<p><span style=\"font-size: large;\">Ambos t\u00eam experi\u00eancia em treinamento esportivo de alto rendimento, inclusive Camuci foi profissional do basquete e \u00e9 docente da Unifadra. Ded\u00ea tem especializa\u00e7\u00e3o em fisiologia do esporte e tamb\u00e9m lecionou por anos na gradua\u00e7\u00e3o mantida pela Fundec \u2013 Funda\u00e7\u00e3o Dracenense de Educa\u00e7\u00e3o e Cultura. Al\u00e9m deles, completam a equipe de prepara\u00e7\u00e3o f\u00edsica os estagi\u00e1rios do curso de Educa\u00e7\u00e3o F\u00edsica da faculdade, Guilherme Costa da Silva e Jo\u00e3o Gaspareli.<\/span><\/p>\n<p><span style=\"font-size: large;\">&#8220;Estou muito feliz pelo convite, pela oportunidade de voltar a sentir o sabor da competi\u00e7\u00e3o. \u00c9 uma satisfa\u00e7\u00e3o tamb\u00e9m poder atender ao chamado de grandes amigos como Luquinha (Lucas Batista, presidente da equipe) e do Cebola (Leandro Rossi, diretor) e ainda poder representar mais a Unifadra, que \u00e9 minha casa&#8221;, disse Camuci. O novo preparador f\u00edsico dracenense tamb\u00e9m destacou que &#8220;atuar ao lado de um profissional e amigo como o\u00a0<\/span>Ded\u00ea<span style=\"font-size: large;\">\u00a0tamb\u00e9m foi determinante para o ingresso na equipe.&#8221;<\/span><\/p>\n<p><span style=\"font-size: large;\">&#8220;Fico muito feliz com a oportunidade de voltar a integrar a equipe. Tive uma boa passagem em 2019, naquela ocasi\u00e3o trabalhando com uma comiss\u00e3o bastante jovem, e hoje com profissionais de maior bagagem. Queremos desenvolver um trabalho integrado com todos os membros do time e deixar o elenco apto para todas as disputas desse semestre&#8221;, salientou Ded\u00ea.<\/span><\/p>\n<p><span style=\"font-size: large;\">O presidente da equipe, Lucas Batista, ressaltou a qualidade dos novos integrantes da comiss\u00e3o t\u00e9cnica. &#8220;O Camuci e o Ded\u00ea s\u00e3o profissionais com anos de experi\u00eancia no alto rendimento. Acreditamos que a prepara\u00e7\u00e3o f\u00edsica est\u00e1 entregue em \u00f3timas m\u00e3os. Conseguiremos desenvolver um trabalho interdisciplinar ao longo do semestre e esperamos que os frutos sejam vistos em quadra&#8221;, disse.<\/span><\/p>\n<p><span style=\"font-size: large;\">Os novos membros j\u00e1 est\u00e3o integrados \u00e0 comiss\u00e3o t\u00e9cnica do Dracena Tempersul Unifadra.<\/span><\/p>\n<p><span style=\"font-size: large;\">O diretor acad\u00eamico da Unifadra\u00a0<\/span>Prof. Dr.<span style=\"font-size: large;\">\u00a0Enio Garbelini ressalta que &#8220;alguns jogadores s\u00e3o nossos alunos e sabem que o time estar\u00e1 assistido por dois excelentes profissionais. O\u00a0<\/span>Camuci<span style=\"font-size: large;\">\u00a0\u00e9 docente da casa e o Ded\u00ea se formou com a gente, depois tamb\u00e9m foi professor aqui na faculdade. A parceria entre o futsal de Dracena e a Unifadra s\u00f3 se fortalece&#8221;.<\/span><\/p>\n<p><img loading=\"lazy\" decoding=\"async\" class=\"alignnone size-full wp-image-65636\" src=\"https:\/\/jorgezanoni.com.br\/2019\/wp-content\/uploads\/2022\/06\/temper.jpeg\" alt=\"\" width=\"700\" height=\"699\" srcset=\"https:\/\/jorgezanoni.com.br\/2019\/wp-content\/uploads\/2022\/06\/temper.jpeg 700w, https:\/\/jorgezanoni.com.br\/2019\/wp-content\/uploads\/2022\/06\/temper-300x300.jpeg 300w, https:\/\/jorgezanoni.com.br\/2019\/wp-content\/uploads\/2022\/06\/temper-150x150.jpeg 150w, https:\/\/jorgezanoni.com.br\/2019\/wp-content\/uploads\/2022\/06\/temper-696x695.jpeg 696w, https:\/\/jorgezanoni.com.br\/2019\/wp-content\/uploads\/2022\/06\/temper-421x420.jpeg 421w\" sizes=\"auto, (max-width: 700px) 100vw, 700px\" \/><\/p>\n<p>Fonte: Depto. de Comunica\u00e7\u00e3o Fundec<\/p>\n","protected":false},"excerpt":{"rendered":"<p>Ap\u00f3s encerrar sua participa\u00e7\u00e3o na Copa LPF, o Dracena Tempersul Unifadra agora est\u00e1 focado em conquistar o tricampeonato da Liga Paulista de Futsal. Buscando aprimorar o condicionamento f\u00edsico dos atletas para os pr\u00f3ximos confrontos &#8211; a estreia na Liga Paulista ser\u00e1 no dia 8 de julho frente ao Araraquara, fora de casa &#8211; a diretoria [&hellip;]<\/p>\n","protected":false},"author":1,"featured_media":65638,"comment_status":"closed","ping_status":"open","sticky":false,"template":"","format":"standard","meta":{"footnotes":""},"categories":[111,110],"tags":[],"class_list":["post-65635","post","type-post","status-publish","format-standard","has-post-thumbnail","hentry","category-esporteecultura","category-noticiasdestaque"],"_links":{"self":[{"href":"https:\/\/jorgezanoni.com.br\/2019\/wp-json\/wp\/v2\/posts\/65635","targetHints":{"allow":["GET"]}}],"collection":[{"href":"https:\/\/jorgezanoni.com.br\/2019\/wp-json\/wp\/v2\/posts"}],"about":[{"href":"https:\/\/jorgezanoni.com.br\/2019\/wp-json\/wp\/v2\/types\/post"}],"author":[{"embeddable":true,"href":"https:\/\/jorgezanoni.com.br\/2019\/wp-json\/wp\/v2\/users\/1"}],"replies":[{"embeddable":true,"href":"https:\/\/jorgezanoni.com.br\/2019\/wp-json\/wp\/v2\/comments?post=65635"}],"version-history":[{"count":0,"href":"https:\/\/jorgezanoni.com.br\/2019\/wp-json\/wp\/v2\/posts\/65635\/revisions"}],"wp:featuredmedia":[{"embeddable":true,"href":"https:\/\/jorgezanoni.com.br\/2019\/wp-json\/wp\/v2\/media\/65638"}],"wp:attachment":[{"href":"https:\/\/jorgezanoni.com.br\/2019\/wp-json\/wp\/v2\/media?parent=65635"}],"wp:term":[{"taxonomy":"category","embeddable":true,"href":"https:\/\/jorgezanoni.com.br\/2019\/wp-json\/wp\/v2\/categories?post=65635"},{"taxonomy":"post_tag","embeddable":true,"href":"https:\/\/jorgezanoni.com.br\/2019\/wp-json\/wp\/v2\/tags?post=65635"}],"curies":[{"name":"wp","href":"https:\/\/api.w.org\/{rel}","templated":true}]}}