{"id":65628,"date":"2022-06-26T14:48:26","date_gmt":"2022-06-26T14:48:26","guid":{"rendered":"https:\/\/jorgezanoni.com.br\/2019\/?p=65628"},"modified":"2022-06-26T14:48:26","modified_gmt":"2022-06-26T14:48:26","slug":"policia-civil-incinera-drogas-em-alusao-ao-dia-internacional-de-combate-as-drogas-em-dracena","status":"publish","type":"post","link":"https:\/\/jorgezanoni.com.br\/2019\/policia-civil-incinera-drogas-em-alusao-ao-dia-internacional-de-combate-as-drogas-em-dracena\/","title":{"rendered":"Pol\u00edcia Civil incinera Drogas em alus\u00e3o ao Dia Internacional de combate \u00e0s Drogas em Dracena"},"content":{"rendered":"<p style=\"text-align: justify;\">Foram incinerados maconha, coca\u00edna, crack e outras subst\u00e2ncias sint\u00e9ticas. A\u00e7\u00e3o foi alusiva a Semana Nacional de Pol\u00edtica sobre Drogas e ao Dia Internacional de Combate \u00e0s Drogas e Entorpecentes, que ser\u00e1 pr\u00f3ximo domingo (26).<\/p>\n<p style=\"text-align: justify;\">\nA Pol\u00edcia Civil, por interm\u00e9dio da Delegacia de Pol\u00edcia de Investiga\u00e7\u00f5es Sobre Entorpecentes &#8211; DISE, realizou nesta sexta-feira (24), a incinera\u00e7\u00e3o de mais de 20 quilos de drogas, em comemora\u00e7\u00e3o ao Dia Internacional de Combate \u00e0s Drogas.<br \/>\nA incinera\u00e7\u00e3o das drogas, autorizada pela Justi\u00e7a, ocorreu no forno industrial de uma empresa do ramo ceramista. Foram destru\u00eddos maconha, coca\u00edna, crack e outras subst\u00e2ncias sint\u00e9ticas.<\/p>\n<p style=\"text-align: justify;\">A data foi escolhida em raz\u00e3o da comemora\u00e7\u00e3o, da Semana Nacional de Pol\u00edtica sobre Drogas, que ocorreu anualmente, no per\u00edodo de 19 a 26 junho, e em refer\u00eancia ao Dia Internacional de Combate \u00e0s Drogas e Entorpecentes, que \u00e9 celebrado no dia 26 de junho, de cada ano.<\/p>\n<p style=\"text-align: justify;\">O procedimento de incinera\u00e7\u00e3o contou com a presen\u00e7a de membro do Minist\u00e9rio P\u00fablico e da Vigil\u00e2ncia Sanit\u00e1ria, conforme preconiza a Lei de Droga, al\u00e9m dos agentes da Pol\u00edcia Civil, que realizaram a escolta dos entorpecentes incinerados. Estiveram presentes tamb\u00e9m na a\u00e7\u00e3o comemorativa tr\u00eas atiradores que est\u00e3o no curso de forma\u00e7\u00e3o de cabo do Tiro de Guerra de Dracena, acompanhados do chefe de instru\u00e7\u00e3o Stg. Thiago C\u00e9sar Marques de Carvalho; e o advogado Dr. Otavio De Marchi, presidente do Conselho Municipal Antidrogas de Dracena.<\/p>\n<p><img loading=\"lazy\" decoding=\"async\" class=\"alignnone size-full wp-image-65629\" src=\"https:\/\/jorgezanoni.com.br\/2019\/wp-content\/uploads\/2022\/06\/pc.jpg\" alt=\"\" width=\"1280\" height=\"1088\" srcset=\"https:\/\/jorgezanoni.com.br\/2019\/wp-content\/uploads\/2022\/06\/pc.jpg 1280w, https:\/\/jorgezanoni.com.br\/2019\/wp-content\/uploads\/2022\/06\/pc-300x255.jpg 300w, https:\/\/jorgezanoni.com.br\/2019\/wp-content\/uploads\/2022\/06\/pc-1024x870.jpg 1024w, https:\/\/jorgezanoni.com.br\/2019\/wp-content\/uploads\/2022\/06\/pc-768x653.jpg 768w, https:\/\/jorgezanoni.com.br\/2019\/wp-content\/uploads\/2022\/06\/pc-696x592.jpg 696w, https:\/\/jorgezanoni.com.br\/2019\/wp-content\/uploads\/2022\/06\/pc-1068x908.jpg 1068w, https:\/\/jorgezanoni.com.br\/2019\/wp-content\/uploads\/2022\/06\/pc-494x420.jpg 494w\" sizes=\"auto, (max-width: 1280px) 100vw, 1280px\" \/> <img loading=\"lazy\" decoding=\"async\" class=\"alignnone size-full wp-image-65630\" src=\"https:\/\/jorgezanoni.com.br\/2019\/wp-content\/uploads\/2022\/06\/pc1.jpg\" alt=\"\" width=\"1280\" height=\"875\" srcset=\"https:\/\/jorgezanoni.com.br\/2019\/wp-content\/uploads\/2022\/06\/pc1.jpg 1280w, https:\/\/jorgezanoni.com.br\/2019\/wp-content\/uploads\/2022\/06\/pc1-300x205.jpg 300w, https:\/\/jorgezanoni.com.br\/2019\/wp-content\/uploads\/2022\/06\/pc1-1024x700.jpg 1024w, https:\/\/jorgezanoni.com.br\/2019\/wp-content\/uploads\/2022\/06\/pc1-768x525.jpg 768w, https:\/\/jorgezanoni.com.br\/2019\/wp-content\/uploads\/2022\/06\/pc1-218x150.jpg 218w, https:\/\/jorgezanoni.com.br\/2019\/wp-content\/uploads\/2022\/06\/pc1-696x476.jpg 696w, https:\/\/jorgezanoni.com.br\/2019\/wp-content\/uploads\/2022\/06\/pc1-1068x730.jpg 1068w, https:\/\/jorgezanoni.com.br\/2019\/wp-content\/uploads\/2022\/06\/pc1-614x420.jpg 614w\" sizes=\"auto, (max-width: 1280px) 100vw, 1280px\" \/> <img loading=\"lazy\" decoding=\"async\" class=\"alignnone size-full wp-image-65631\" src=\"https:\/\/jorgezanoni.com.br\/2019\/wp-content\/uploads\/2022\/06\/pc2.jpg\" alt=\"\" width=\"1280\" height=\"966\" srcset=\"https:\/\/jorgezanoni.com.br\/2019\/wp-content\/uploads\/2022\/06\/pc2.jpg 1280w, https:\/\/jorgezanoni.com.br\/2019\/wp-content\/uploads\/2022\/06\/pc2-300x226.jpg 300w, https:\/\/jorgezanoni.com.br\/2019\/wp-content\/uploads\/2022\/06\/pc2-1024x773.jpg 1024w, https:\/\/jorgezanoni.com.br\/2019\/wp-content\/uploads\/2022\/06\/pc2-768x580.jpg 768w, https:\/\/jorgezanoni.com.br\/2019\/wp-content\/uploads\/2022\/06\/pc2-80x60.jpg 80w, https:\/\/jorgezanoni.com.br\/2019\/wp-content\/uploads\/2022\/06\/pc2-696x525.jpg 696w, https:\/\/jorgezanoni.com.br\/2019\/wp-content\/uploads\/2022\/06\/pc2-1068x806.jpg 1068w, https:\/\/jorgezanoni.com.br\/2019\/wp-content\/uploads\/2022\/06\/pc2-557x420.jpg 557w\" sizes=\"auto, (max-width: 1280px) 100vw, 1280px\" \/> <img loading=\"lazy\" decoding=\"async\" class=\"alignnone size-full wp-image-65632\" src=\"https:\/\/jorgezanoni.com.br\/2019\/wp-content\/uploads\/2022\/06\/pc3.jpg\" alt=\"\" width=\"1280\" height=\"804\" srcset=\"https:\/\/jorgezanoni.com.br\/2019\/wp-content\/uploads\/2022\/06\/pc3.jpg 1280w, https:\/\/jorgezanoni.com.br\/2019\/wp-content\/uploads\/2022\/06\/pc3-300x188.jpg 300w, https:\/\/jorgezanoni.com.br\/2019\/wp-content\/uploads\/2022\/06\/pc3-1024x643.jpg 1024w, https:\/\/jorgezanoni.com.br\/2019\/wp-content\/uploads\/2022\/06\/pc3-768x482.jpg 768w, https:\/\/jorgezanoni.com.br\/2019\/wp-content\/uploads\/2022\/06\/pc3-696x437.jpg 696w, https:\/\/jorgezanoni.com.br\/2019\/wp-content\/uploads\/2022\/06\/pc3-1068x671.jpg 1068w, https:\/\/jorgezanoni.com.br\/2019\/wp-content\/uploads\/2022\/06\/pc3-669x420.jpg 669w\" sizes=\"auto, (max-width: 1280px) 100vw, 1280px\" \/><\/p>\n<p style=\"text-align: justify;\">Fonte: Com. Social Pol\u00edcia Civil<\/p>\n","protected":false},"excerpt":{"rendered":"<p>Foram incinerados maconha, coca\u00edna, crack e outras subst\u00e2ncias sint\u00e9ticas. A\u00e7\u00e3o foi alusiva a Semana Nacional de Pol\u00edtica sobre Drogas e ao Dia Internacional de Combate \u00e0s Drogas e Entorpecentes, que ser\u00e1 pr\u00f3ximo domingo (26). A Pol\u00edcia Civil, por interm\u00e9dio da Delegacia de Pol\u00edcia de Investiga\u00e7\u00f5es Sobre Entorpecentes &#8211; DISE, realizou nesta sexta-feira (24), a incinera\u00e7\u00e3o [&hellip;]<\/p>\n","protected":false},"author":1,"featured_media":65633,"comment_status":"closed","ping_status":"open","sticky":false,"template":"","format":"standard","meta":{"footnotes":""},"categories":[110,2],"tags":[],"class_list":["post-65628","post","type-post","status-publish","format-standard","has-post-thumbnail","hentry","category-noticiasdestaque","category-policial"],"_links":{"self":[{"href":"https:\/\/jorgezanoni.com.br\/2019\/wp-json\/wp\/v2\/posts\/65628","targetHints":{"allow":["GET"]}}],"collection":[{"href":"https:\/\/jorgezanoni.com.br\/2019\/wp-json\/wp\/v2\/posts"}],"about":[{"href":"https:\/\/jorgezanoni.com.br\/2019\/wp-json\/wp\/v2\/types\/post"}],"author":[{"embeddable":true,"href":"https:\/\/jorgezanoni.com.br\/2019\/wp-json\/wp\/v2\/users\/1"}],"replies":[{"embeddable":true,"href":"https:\/\/jorgezanoni.com.br\/2019\/wp-json\/wp\/v2\/comments?post=65628"}],"version-history":[{"count":0,"href":"https:\/\/jorgezanoni.com.br\/2019\/wp-json\/wp\/v2\/posts\/65628\/revisions"}],"wp:featuredmedia":[{"embeddable":true,"href":"https:\/\/jorgezanoni.com.br\/2019\/wp-json\/wp\/v2\/media\/65633"}],"wp:attachment":[{"href":"https:\/\/jorgezanoni.com.br\/2019\/wp-json\/wp\/v2\/media?parent=65628"}],"wp:term":[{"taxonomy":"category","embeddable":true,"href":"https:\/\/jorgezanoni.com.br\/2019\/wp-json\/wp\/v2\/categories?post=65628"},{"taxonomy":"post_tag","embeddable":true,"href":"https:\/\/jorgezanoni.com.br\/2019\/wp-json\/wp\/v2\/tags?post=65628"}],"curies":[{"name":"wp","href":"https:\/\/api.w.org\/{rel}","templated":true}]}}