{"id":65598,"date":"2022-06-24T22:22:17","date_gmt":"2022-06-24T22:22:17","guid":{"rendered":"https:\/\/jorgezanoni.com.br\/2019\/?p=65598"},"modified":"2022-06-24T22:22:17","modified_gmt":"2022-06-24T22:22:17","slug":"vereador-de-dracena-renuncia-ao-cargo-para-tomar-posse-como-policial-penal-em-concurso-publico-estadual","status":"publish","type":"post","link":"https:\/\/jorgezanoni.com.br\/2019\/vereador-de-dracena-renuncia-ao-cargo-para-tomar-posse-como-policial-penal-em-concurso-publico-estadual\/","title":{"rendered":"Vereador de Dracena renuncia ao cargo para tomar posse como policial penal em concurso p\u00fablico estadual"},"content":{"rendered":"<h2 class=\"content-head__subtitle\" style=\"text-align: justify;\"><strong>Pedido foi entregue nesta sexta-feira (24) e ser\u00e1 oficializado pela C\u00e2mara Municipal na pr\u00f3xima segunda-feira (26).<\/strong><\/h2>\n<div class=\"mc-column content-text active-extra-styles \" style=\"text-align: justify;\" data-block-type=\"unstyled\" data-block-weight=\"39\" data-block-id=\"2\">\n<p class=\"content-text__container \" data-track-category=\"Link no Texto\" data-track-links=\"\">O vereador Davi Fernando da Silva (Uni\u00e3o Brasil) entregou nesta sexta-feira (24) \u00e0 C\u00e2mara Municipal de\u00a0<a href=\"https:\/\/g1.globo.com\/sp\/presidente-prudente-regiao\/cidade\/dracena\/\">Dracena (SP)<\/a>\u00a0o seu pedido de ren\u00fancia ao cargo no Poder Legislativo local para tomar posse em concurso p\u00fablico estadual como policial penal.<\/p>\n<\/div>\n<div class=\"wall protected-content\">\n<div class=\"mc-column content-text active-extra-styles \" data-block-type=\"unstyled\" data-block-weight=\"49\" data-block-id=\"3\">\n<p class=\"content-text__container \" style=\"text-align: justify;\" data-track-category=\"Link no Texto\" data-track-links=\"\">Silva foi eleito em 2020 com 442 votos e, por meio de v\u00eddeo veiculado em suas redes sociais, anunciou que o referido concurso foi prestado no ano de 2017 e, que na manh\u00e3 desta sexta-feira (24), recebeu a not\u00edcia de que poderia assumir a vaga em S\u00e3o Paulo (SP).<\/p>\n<p class=\"content-text__container \" style=\"text-align: justify;\" data-track-category=\"Link no Texto\" data-track-links=\"\"><span style=\"font-style: italic; text-align: center;\">\u201cMediante a impossibilidade de ficar no concurso e na C\u00e2mara Municipal pela dist\u00e2ncia, n\u00e3o pelo ac\u00famulo do cargo, porque \u00e9 permitido, eu anuncio aqui a todos a ren\u00fancia, a minha ren\u00fancia ao cargo de vereador da cidade de\u00a0<\/span><a style=\"font-style: italic; text-align: center;\" href=\"https:\/\/g1.globo.com\/sp\/presidente-prudente-regiao\/cidade\/dracena\/\">Dracena<\/a><span style=\"font-style: italic; text-align: center;\">\u201d, afirmou Silva.<\/span><\/p>\n<div class=\"mc-column content-text active-extra-styles \" style=\"text-align: justify;\" data-block-type=\"unstyled\" data-block-weight=\"11\" data-block-id=\"6\">\n<p class=\"content-text__container \" data-track-category=\"Link no Texto\" data-track-links=\"\">A dist\u00e2ncia entre\u00a0<a href=\"https:\/\/g1.globo.com\/sp\/presidente-prudente-regiao\/cidade\/dracena\/\">Dracena<\/a>\u00a0e a capital paulista \u00e9 de 640km.<\/p>\n<\/div>\n<div class=\"mc-column content-text active-extra-styles \" style=\"text-align: justify;\" data-block-type=\"unstyled\" data-block-weight=\"26\" data-block-id=\"7\">\n<p class=\"content-text__container \" data-track-category=\"Link no Texto\" data-track-links=\"\">Segundo a C\u00e2mara Municipal de\u00a0<a href=\"https:\/\/g1.globo.com\/sp\/presidente-prudente-regiao\/cidade\/dracena\/\">Dracena<\/a>, o pedido de ren\u00fancia ser\u00e1 oficializado na pr\u00f3xima segunda-feira (26), quando ser\u00e1 lido e divulgado durante a reuni\u00e3o do Legislativo.<\/p>\n<\/div>\n<div class=\"mc-column content-text active-extra-styles \" data-block-type=\"unstyled\" data-block-weight=\"39\" data-block-id=\"8\">\n<p class=\"content-text__container \" style=\"text-align: justify;\" data-track-category=\"Link no Texto\" data-track-links=\"\">O suplente Edenilso da Silva Carvalho (Uni\u00e3o Brasil), que ser\u00e1 convocado para ocupar o lugar de Davi Fernando da Silva, ter\u00e1 o prazo de 15 dias para assumir, prorrog\u00e1vel por mais 15 dias. Carvalho teve 258 votos em 2020.<\/p>\n<p style=\"text-align: justify;\" data-track-category=\"Link no Texto\" data-track-links=\"\">Fonte: G1<\/p>\n<\/div>\n<\/div>\n<\/div>\n","protected":false},"excerpt":{"rendered":"<p>Pedido foi entregue nesta sexta-feira (24) e ser\u00e1 oficializado pela C\u00e2mara Municipal na pr\u00f3xima segunda-feira (26). O vereador Davi Fernando da Silva (Uni\u00e3o Brasil) entregou nesta sexta-feira (24) \u00e0 C\u00e2mara Municipal de\u00a0Dracena (SP)\u00a0o seu pedido de ren\u00fancia ao cargo no Poder Legislativo local para tomar posse em concurso p\u00fablico estadual como policial penal. Silva foi [&hellip;]<\/p>\n","protected":false},"author":1,"featured_media":65599,"comment_status":"closed","ping_status":"open","sticky":false,"template":"","format":"standard","meta":{"footnotes":""},"categories":[110,116],"tags":[],"class_list":["post-65598","post","type-post","status-publish","format-standard","has-post-thumbnail","hentry","category-noticiasdestaque","category-politicaeeconomia"],"_links":{"self":[{"href":"https:\/\/jorgezanoni.com.br\/2019\/wp-json\/wp\/v2\/posts\/65598","targetHints":{"allow":["GET"]}}],"collection":[{"href":"https:\/\/jorgezanoni.com.br\/2019\/wp-json\/wp\/v2\/posts"}],"about":[{"href":"https:\/\/jorgezanoni.com.br\/2019\/wp-json\/wp\/v2\/types\/post"}],"author":[{"embeddable":true,"href":"https:\/\/jorgezanoni.com.br\/2019\/wp-json\/wp\/v2\/users\/1"}],"replies":[{"embeddable":true,"href":"https:\/\/jorgezanoni.com.br\/2019\/wp-json\/wp\/v2\/comments?post=65598"}],"version-history":[{"count":0,"href":"https:\/\/jorgezanoni.com.br\/2019\/wp-json\/wp\/v2\/posts\/65598\/revisions"}],"wp:featuredmedia":[{"embeddable":true,"href":"https:\/\/jorgezanoni.com.br\/2019\/wp-json\/wp\/v2\/media\/65599"}],"wp:attachment":[{"href":"https:\/\/jorgezanoni.com.br\/2019\/wp-json\/wp\/v2\/media?parent=65598"}],"wp:term":[{"taxonomy":"category","embeddable":true,"href":"https:\/\/jorgezanoni.com.br\/2019\/wp-json\/wp\/v2\/categories?post=65598"},{"taxonomy":"post_tag","embeddable":true,"href":"https:\/\/jorgezanoni.com.br\/2019\/wp-json\/wp\/v2\/tags?post=65598"}],"curies":[{"name":"wp","href":"https:\/\/api.w.org\/{rel}","templated":true}]}}