{"id":65595,"date":"2022-06-24T15:50:13","date_gmt":"2022-06-24T15:50:13","guid":{"rendered":"https:\/\/jorgezanoni.com.br\/2019\/?p=65595"},"modified":"2022-06-24T15:50:13","modified_gmt":"2022-06-24T15:50:13","slug":"celia-pereira-assume-cargo-de-vereadora-substituindo-julio-monteiro","status":"publish","type":"post","link":"https:\/\/jorgezanoni.com.br\/2019\/celia-pereira-assume-cargo-de-vereadora-substituindo-julio-monteiro\/","title":{"rendered":"C\u00e9lia Pereira assume cargo de vereadora substituindo Julio Monteiro"},"content":{"rendered":"<div class=\"kvgmc6g5 cxmmr5t8 oygrvhab hcukyx3x c1et5uql ii04i59q\">\n<div dir=\"auto\" style=\"text-align: justify;\"><strong>C\u00e9lia Maria Agudo Pereira &#8220;Celinha da Sa\u00fade&#8221; natural de Dracena com 58 anos, funcion\u00e1ria p\u00fablica, casada, m\u00e3e de dois filhos, assume cadeira de J\u00falio C\u00e9sar Monteiro da Silva.<\/strong><\/div>\n<\/div>\n<div dir=\"auto\" style=\"text-align: justify;\"><\/div>\n<div dir=\"auto\" style=\"text-align: justify;\">C\u00e9lia foi candidata nas elei\u00e7\u00f5es municipais de 2.020 pelo PV (Partido Verde) e obtendo 315 votos.<\/div>\n<div dir=\"auto\" style=\"text-align: justify;\"><\/div>\n<div dir=\"auto\" style=\"text-align: justify;\">Como suplente, ocupando a primeira vaga do partido, ir\u00e1 substituir o vereador cassado por 9 x 3.<\/div>\n<div dir=\"auto\" style=\"text-align: justify;\"><\/div>\n<div dir=\"auto\" style=\"text-align: justify;\">Esta \u00e9 a primeira cassa\u00e7\u00e3o de vereador em todas as legislaturas existentes at\u00e9 hoje, no munic\u00edpio de Dracena.<\/div>\n<div dir=\"auto\" style=\"text-align: justify;\"><\/div>\n<div dir=\"auto\" style=\"text-align: justify;\">Monteiro foi denunciado por Valter Fernandes, Presidente do Partido Patriota. Segundo consta no processo, por ter ferido o Regimento Interno da C\u00e2mara de Dracena e a Lei Org\u00e2nica do munic\u00edpio, tendo legislado em causa pr\u00f3pria.<\/div>\n<div class=\"cxmmr5t8 oygrvhab hcukyx3x c1et5uql o9v6fnle ii04i59q\" style=\"text-align: justify;\">\n<div dir=\"auto\"><\/div>\n<\/div>\n<div class=\"cxmmr5t8 oygrvhab hcukyx3x c1et5uql o9v6fnle ii04i59q\">\n<div dir=\"auto\" style=\"text-align: justify;\">Jorge Zanoni<\/div>\n<div dir=\"auto\" style=\"text-align: justify;\">Foto Arquivo<\/div>\n<\/div>\n","protected":false},"excerpt":{"rendered":"<p>C\u00e9lia Maria Agudo Pereira &#8220;Celinha da Sa\u00fade&#8221; natural de Dracena com 58 anos, funcion\u00e1ria p\u00fablica, casada, m\u00e3e de dois filhos, assume cadeira de J\u00falio C\u00e9sar Monteiro da Silva. C\u00e9lia foi candidata nas elei\u00e7\u00f5es municipais de 2.020 pelo PV (Partido Verde) e obtendo 315 votos. Como suplente, ocupando a primeira vaga do partido, ir\u00e1 substituir o [&hellip;]<\/p>\n","protected":false},"author":1,"featured_media":65596,"comment_status":"closed","ping_status":"open","sticky":false,"template":"","format":"standard","meta":{"footnotes":""},"categories":[110,116],"tags":[],"class_list":["post-65595","post","type-post","status-publish","format-standard","has-post-thumbnail","hentry","category-noticiasdestaque","category-politicaeeconomia"],"_links":{"self":[{"href":"https:\/\/jorgezanoni.com.br\/2019\/wp-json\/wp\/v2\/posts\/65595","targetHints":{"allow":["GET"]}}],"collection":[{"href":"https:\/\/jorgezanoni.com.br\/2019\/wp-json\/wp\/v2\/posts"}],"about":[{"href":"https:\/\/jorgezanoni.com.br\/2019\/wp-json\/wp\/v2\/types\/post"}],"author":[{"embeddable":true,"href":"https:\/\/jorgezanoni.com.br\/2019\/wp-json\/wp\/v2\/users\/1"}],"replies":[{"embeddable":true,"href":"https:\/\/jorgezanoni.com.br\/2019\/wp-json\/wp\/v2\/comments?post=65595"}],"version-history":[{"count":0,"href":"https:\/\/jorgezanoni.com.br\/2019\/wp-json\/wp\/v2\/posts\/65595\/revisions"}],"wp:featuredmedia":[{"embeddable":true,"href":"https:\/\/jorgezanoni.com.br\/2019\/wp-json\/wp\/v2\/media\/65596"}],"wp:attachment":[{"href":"https:\/\/jorgezanoni.com.br\/2019\/wp-json\/wp\/v2\/media?parent=65595"}],"wp:term":[{"taxonomy":"category","embeddable":true,"href":"https:\/\/jorgezanoni.com.br\/2019\/wp-json\/wp\/v2\/categories?post=65595"},{"taxonomy":"post_tag","embeddable":true,"href":"https:\/\/jorgezanoni.com.br\/2019\/wp-json\/wp\/v2\/tags?post=65595"}],"curies":[{"name":"wp","href":"https:\/\/api.w.org\/{rel}","templated":true}]}}