{"id":65578,"date":"2022-06-24T14:18:15","date_gmt":"2022-06-24T14:18:15","guid":{"rendered":"https:\/\/jorgezanoni.com.br\/2019\/?p=65578"},"modified":"2022-06-24T14:19:24","modified_gmt":"2022-06-24T14:19:24","slug":"unifadra-dracena-e-santa-casa-de-ourinhos-formalizam-parceria","status":"publish","type":"post","link":"https:\/\/jorgezanoni.com.br\/2019\/unifadra-dracena-e-santa-casa-de-ourinhos-formalizam-parceria\/","title":{"rendered":"UNIFADRA Dracena e Santa Casa de Ourinhos formalizam parceria"},"content":{"rendered":"<div class=\"kvgmc6g5 cxmmr5t8 oygrvhab hcukyx3x c1et5uql ii04i59q\">\n<div dir=\"auto\" style=\"text-align: justify;\"><strong>Curso de Medicina da UNIFADRA em parceria com a Santa Casa de Ourinhos, assinam conv\u00eanio de Est\u00e1gio Optativo para alunos.<\/strong><\/div>\n<div dir=\"auto\" style=\"text-align: justify;\"><\/div>\n<div dir=\"auto\" style=\"text-align: justify;\">Na manh\u00e3 de ontem (23), aconteceu a assinatura do conv\u00eanio optativo do curso de medicina da UNIFADRA de Dracena com a Santa Casa de Ourinhos.<\/div>\n<div dir=\"auto\" style=\"text-align: justify;\"><\/div>\n<div dir=\"auto\" style=\"text-align: justify;\">Participaram do ato, o Presidente da Santa Casa de Ourinhos, Celso Zanuto, Diretor Executivo da FUNDEC Edson Kai, Coordenador do Curso de Medicina Dra.Marilda Morgado Milanez de Abreu, Diretor de Comunica\u00e7\u00e3o da FUNDEC\/UNIFADRA Fernando Nunes, Diretor da Faculdade Enio Garbeline, diretores da Santa Casa de Ourinhos e membros da Fundec.<\/div>\n<div dir=\"auto\"><\/div>\n<\/div>\n<div dir=\"auto\">VEJA V\u00cdDEO EM: https:\/\/www.facebook.com\/jorgezanonidracena\/<\/div>\n<div dir=\"auto\"><img loading=\"lazy\" decoding=\"async\" class=\"alignnone size-full wp-image-65579\" src=\"https:\/\/jorgezanoni.com.br\/2019\/wp-content\/uploads\/2022\/06\/IMG_8473-2.jpg\" alt=\"\" width=\"700\" height=\"522\" srcset=\"https:\/\/jorgezanoni.com.br\/2019\/wp-content\/uploads\/2022\/06\/IMG_8473-2.jpg 700w, https:\/\/jorgezanoni.com.br\/2019\/wp-content\/uploads\/2022\/06\/IMG_8473-2-300x224.jpg 300w, https:\/\/jorgezanoni.com.br\/2019\/wp-content\/uploads\/2022\/06\/IMG_8473-2-80x60.jpg 80w, https:\/\/jorgezanoni.com.br\/2019\/wp-content\/uploads\/2022\/06\/IMG_8473-2-265x198.jpg 265w, https:\/\/jorgezanoni.com.br\/2019\/wp-content\/uploads\/2022\/06\/IMG_8473-2-696x519.jpg 696w, https:\/\/jorgezanoni.com.br\/2019\/wp-content\/uploads\/2022\/06\/IMG_8473-2-563x420.jpg 563w\" sizes=\"auto, (max-width: 700px) 100vw, 700px\" \/><\/div>\n<div class=\"kvgmc6g5 cxmmr5t8 oygrvhab hcukyx3x c1et5uql ii04i59q\">\n<div dir=\"auto\" style=\"text-align: justify;\">Jorge Zanoni<\/div>\n<\/div>\n","protected":false},"excerpt":{"rendered":"<p>Curso de Medicina da UNIFADRA em parceria com a Santa Casa de Ourinhos, assinam conv\u00eanio de Est\u00e1gio Optativo para alunos. Na manh\u00e3 de ontem (23), aconteceu a assinatura do conv\u00eanio optativo do curso de medicina da UNIFADRA de Dracena com a Santa Casa de Ourinhos. Participaram do ato, o Presidente da Santa Casa de Ourinhos, [&hellip;]<\/p>\n","protected":false},"author":1,"featured_media":65581,"comment_status":"closed","ping_status":"open","sticky":false,"template":"","format":"standard","meta":{"footnotes":""},"categories":[110,122],"tags":[],"class_list":["post-65578","post","type-post","status-publish","format-standard","has-post-thumbnail","hentry","category-noticiasdestaque","category-saudeeducacaoeconcurso"],"_links":{"self":[{"href":"https:\/\/jorgezanoni.com.br\/2019\/wp-json\/wp\/v2\/posts\/65578","targetHints":{"allow":["GET"]}}],"collection":[{"href":"https:\/\/jorgezanoni.com.br\/2019\/wp-json\/wp\/v2\/posts"}],"about":[{"href":"https:\/\/jorgezanoni.com.br\/2019\/wp-json\/wp\/v2\/types\/post"}],"author":[{"embeddable":true,"href":"https:\/\/jorgezanoni.com.br\/2019\/wp-json\/wp\/v2\/users\/1"}],"replies":[{"embeddable":true,"href":"https:\/\/jorgezanoni.com.br\/2019\/wp-json\/wp\/v2\/comments?post=65578"}],"version-history":[{"count":0,"href":"https:\/\/jorgezanoni.com.br\/2019\/wp-json\/wp\/v2\/posts\/65578\/revisions"}],"wp:featuredmedia":[{"embeddable":true,"href":"https:\/\/jorgezanoni.com.br\/2019\/wp-json\/wp\/v2\/media\/65581"}],"wp:attachment":[{"href":"https:\/\/jorgezanoni.com.br\/2019\/wp-json\/wp\/v2\/media?parent=65578"}],"wp:term":[{"taxonomy":"category","embeddable":true,"href":"https:\/\/jorgezanoni.com.br\/2019\/wp-json\/wp\/v2\/categories?post=65578"},{"taxonomy":"post_tag","embeddable":true,"href":"https:\/\/jorgezanoni.com.br\/2019\/wp-json\/wp\/v2\/tags?post=65578"}],"curies":[{"name":"wp","href":"https:\/\/api.w.org\/{rel}","templated":true}]}}