{"id":65522,"date":"2022-06-24T13:01:21","date_gmt":"2022-06-24T13:01:21","guid":{"rendered":"https:\/\/jorgezanoni.com.br\/2019\/?p=65522"},"modified":"2022-06-24T13:01:21","modified_gmt":"2022-06-24T13:01:21","slug":"camara-municipal-de-dracena-cassa-mandato-do-vereador-julio-cesar-monteiro-da-silva","status":"publish","type":"post","link":"https:\/\/jorgezanoni.com.br\/2019\/camara-municipal-de-dracena-cassa-mandato-do-vereador-julio-cesar-monteiro-da-silva\/","title":{"rendered":"C\u00e2mara Municipal de Dracena cassa mandato do vereador J\u00falio C\u00e9sar Monteiro da Silva"},"content":{"rendered":"<h2 class=\"content-head__subtitle\" style=\"text-align: justify;\"><strong>Vota\u00e7\u00e3o ficou em nove votos favor\u00e1veis \u00e0 perda do cargo contra tr\u00eas. Parlamentar informou que respeita a decis\u00e3o do Poder Legislativo e vai recorrer na Justi\u00e7a.<\/strong><\/h2>\n<div class=\"mc-column content-text active-extra-styles \" style=\"text-align: justify;\" data-block-type=\"unstyled\" data-block-weight=\"36\" data-block-id=\"2\">\n<p class=\"content-text__container \" data-track-category=\"Link no Texto\" data-track-links=\"\">A C\u00e2mara Municipal de\u00a0<a href=\"https:\/\/g1.globo.com\/sp\/presidente-prudente-regiao\/cidade\/dracena\/\">Dracena (SP)<\/a>\u00a0cassou o mandato do vereador J\u00falio C\u00e9sar Monteiro da Silva (PV) em uma\u00a0<a href=\"https:\/\/g1.globo.com\/sp\/presidente-prudente-regiao\/noticia\/2022\/06\/22\/camara-marca-sessao-extraordinaria-para-votar-denuncia-contra-vereador-de-dracena.ghtml\">sess\u00e3o extraordin\u00e1ria<\/a>\u00a0realizada na noite desta quinta-feira (23). Foram nove votos favor\u00e1veis \u00e0 cassa\u00e7\u00e3o e tr\u00eas contra.<\/p>\n<\/div>\n<div class=\"wall protected-content\">\n<div class=\"mc-column content-text active-extra-styles \" style=\"text-align: justify;\" data-block-type=\"unstyled\" data-block-weight=\"5\" data-block-id=\"3\">\n<p class=\"content-text__container \" data-track-category=\"Link no Texto\" data-track-links=\"\">Votaram a favor da cassa\u00e7\u00e3o:<\/p>\n<\/div>\n<div class=\"mc-column content-text active-extra-styles\" style=\"text-align: justify;\" data-block-type=\"raw\" data-block-weight=\"47\" data-block-id=\"4\">\n<ul class=\"content-unordered-list\">\n<li>C\u00e9lia Maria Agudo Pereira (PV)<\/li>\n<li>Claudinei Milan Pessoa (PP)<\/li>\n<li>Danilo Ledo dos Santos (Uni\u00e3o Brasil)<\/li>\n<li>Luis Ant\u00f4nia de Oliveira Cavalcante (Patriota)<\/li>\n<li>Maria Aparecida da Silva Gasques Mateus (Patriota)<\/li>\n<li>Nilson Satoshi Shimodo (PODE)<\/li>\n<li>Rodrigo Castilho Soares (PSDB)<\/li>\n<li>Sara dos Santos Scarabelli Souza (PODE)<\/li>\n<li>Victor Silva Almeida Palhares (PP)<\/li>\n<\/ul>\n<\/div>\n<div class=\"mc-column content-text active-extra-styles \" style=\"text-align: justify;\" data-block-type=\"unstyled\" data-block-weight=\"4\" data-block-id=\"5\">\n<p class=\"content-text__container \" data-track-category=\"Link no Texto\" data-track-links=\"\">Votaram contra a cassa\u00e7\u00e3o:<\/p>\n<\/div>\n<div class=\"mc-column content-text active-extra-styles\" data-block-type=\"raw\" data-block-weight=\"14\" data-block-id=\"6\">\n<ul class=\"content-unordered-list\" style=\"text-align: justify;\">\n<li>C\u00e9lio Antonio Ferregutti (PV)<\/li>\n<li>Davi Fernando da Silva (Uni\u00e3o Brasil)<\/li>\n<li>Rodrigo Rossetti Parra (PSB)<\/li>\n<\/ul>\n<div class=\"mc-column content-text active-extra-styles \" style=\"text-align: justify;\" data-block-type=\"unstyled\" data-block-weight=\"38\" data-block-id=\"8\">\n<p class=\"content-text__container \" data-track-category=\"Link no Texto\" data-track-links=\"\">O presidente do Poder Legislativo, Claudinei Milan Pessoa, informou que, mediante a decis\u00e3o do Plen\u00e1rio, a Mesa Diretora da C\u00e2mara vai oficializar a Justi\u00e7a Eleitoral para que seja determinada a posse definitiva da suplente C\u00e9lia Maria Agudo Pereira.<\/p>\n<\/div>\n<div class=\"mc-column content-text active-extra-styles\" style=\"text-align: justify;\" data-block-type=\"raw\" data-block-weight=\"2\" data-block-id=\"9\">\n<div class=\"content-intertitle\">\n<h2>VEJA TAMB\u00c9M:<\/h2>\n<\/div>\n<\/div>\n<div class=\"mc-column content-text active-extra-styles\" style=\"text-align: justify;\" data-block-type=\"raw\" data-block-weight=\"37\" data-block-id=\"10\">\n<ul class=\"content-unordered-list\">\n<li><a href=\"https:\/\/g1.globo.com\/sp\/presidente-prudente-regiao\/noticia\/2022\/06\/22\/camara-marca-sessao-extraordinaria-para-votar-denuncia-contra-vereador-de-dracena.ghtml\">C\u00e2mara marca sess\u00e3o extraordin\u00e1ria para votar den\u00fancia contra vereador de Dracena<\/a><\/li>\n<li><a href=\"https:\/\/g1.globo.com\/sp\/presidente-prudente-regiao\/noticia\/2022\/06\/07\/camara-municipal-de-dracena-derruba-pedido-de-arquivamento-e-mantem-processo-de-cassacao-contra-vereador.ghtml\">C\u00e2mara Municipal de Dracena derruba pedido de arquivamento e mant\u00e9m processo de cassa\u00e7\u00e3o contra vereador<\/a><\/li>\n<li><a href=\"https:\/\/g1.globo.com\/sp\/presidente-prudente-regiao\/noticia\/2022\/05\/10\/camara-de-dracena-cria-comissao-processante-para-apurar-denuncia-contra-vereador.ghtml\">C\u00e2mara de Dracena cria Comiss\u00e3o Processante para apurar den\u00fancia contra vereador<\/a><\/li>\n<\/ul>\n<\/div>\n<div class=\"mc-column content-text active-extra-styles \" style=\"text-align: justify;\" data-block-type=\"unstyled\" data-block-weight=\"43\" data-block-id=\"11\">\n<p class=\"content-text__container \" data-track-category=\"Link no Texto\" data-track-links=\"\">Ap\u00f3s a sess\u00e3o, J\u00falio C\u00e9sar Monteiro da Silva informou que respeita a decis\u00e3o dos vereadores, mas que tal decis\u00e3o foi tomada anteriormente e que &#8220;isso \u00e9 obra do prefeito&#8221;. \u201cAgora vou recorrer na Justi\u00e7a e vou buscar meus direitos\u201d, afirmou o parlamentar cassado.<\/p>\n<\/div>\n<div class=\"mc-column content-text active-extra-styles \" style=\"text-align: justify;\" data-block-type=\"unstyled\" data-block-weight=\"20\" data-block-id=\"12\">\n<p class=\"content-text__container \" data-track-category=\"Link no Texto\" data-track-links=\"\">A\u00a0<strong>TV Fronteira<\/strong>\u00a0solicitou um posicionamento sobre a fala de Silva para a Prefeitura de\u00a0<a href=\"https:\/\/g1.globo.com\/sp\/presidente-prudente-regiao\/cidade\/dracena\/\">Dracena<\/a>\u00a0e aguarda uma resposta.<\/p>\n<\/div>\n<div class=\"mc-column content-text active-extra-styles \" style=\"text-align: justify;\" data-block-type=\"unstyled\" data-block-weight=\"17\" data-block-id=\"13\">\n<p class=\"content-text__container \" data-track-category=\"Link no Texto\" data-track-links=\"\">Conforme a Casa de Leis, Silva foi acusado de ter praticado suposto ato de improbidade administrativa.<\/p>\n<\/div>\n<div class=\"mc-column content-text active-extra-styles \" data-block-type=\"unstyled\" data-block-weight=\"12\" data-block-id=\"14\">\n<p class=\"content-text__container \" style=\"text-align: justify;\" data-track-category=\"Link no Texto\" data-track-links=\"\">A sess\u00e3o extraordin\u00e1ria, que teve in\u00edcio \u00e0s 19h, durou quase quatro horas.<\/p>\n<p style=\"text-align: justify;\" data-track-category=\"Link no Texto\" data-track-links=\"\">Fonte: G1 &#8211; TV Fronteira<\/p>\n<\/div>\n<\/div>\n<\/div>\n","protected":false},"excerpt":{"rendered":"<p>Vota\u00e7\u00e3o ficou em nove votos favor\u00e1veis \u00e0 perda do cargo contra tr\u00eas. Parlamentar informou que respeita a decis\u00e3o do Poder Legislativo e vai recorrer na Justi\u00e7a. A C\u00e2mara Municipal de\u00a0Dracena (SP)\u00a0cassou o mandato do vereador J\u00falio C\u00e9sar Monteiro da Silva (PV) em uma\u00a0sess\u00e3o extraordin\u00e1ria\u00a0realizada na noite desta quinta-feira (23). Foram nove votos favor\u00e1veis \u00e0 cassa\u00e7\u00e3o [&hellip;]<\/p>\n","protected":false},"author":1,"featured_media":65523,"comment_status":"closed","ping_status":"open","sticky":false,"template":"","format":"standard","meta":{"footnotes":""},"categories":[110,116],"tags":[],"class_list":["post-65522","post","type-post","status-publish","format-standard","has-post-thumbnail","hentry","category-noticiasdestaque","category-politicaeeconomia"],"_links":{"self":[{"href":"https:\/\/jorgezanoni.com.br\/2019\/wp-json\/wp\/v2\/posts\/65522","targetHints":{"allow":["GET"]}}],"collection":[{"href":"https:\/\/jorgezanoni.com.br\/2019\/wp-json\/wp\/v2\/posts"}],"about":[{"href":"https:\/\/jorgezanoni.com.br\/2019\/wp-json\/wp\/v2\/types\/post"}],"author":[{"embeddable":true,"href":"https:\/\/jorgezanoni.com.br\/2019\/wp-json\/wp\/v2\/users\/1"}],"replies":[{"embeddable":true,"href":"https:\/\/jorgezanoni.com.br\/2019\/wp-json\/wp\/v2\/comments?post=65522"}],"version-history":[{"count":0,"href":"https:\/\/jorgezanoni.com.br\/2019\/wp-json\/wp\/v2\/posts\/65522\/revisions"}],"wp:featuredmedia":[{"embeddable":true,"href":"https:\/\/jorgezanoni.com.br\/2019\/wp-json\/wp\/v2\/media\/65523"}],"wp:attachment":[{"href":"https:\/\/jorgezanoni.com.br\/2019\/wp-json\/wp\/v2\/media?parent=65522"}],"wp:term":[{"taxonomy":"category","embeddable":true,"href":"https:\/\/jorgezanoni.com.br\/2019\/wp-json\/wp\/v2\/categories?post=65522"},{"taxonomy":"post_tag","embeddable":true,"href":"https:\/\/jorgezanoni.com.br\/2019\/wp-json\/wp\/v2\/tags?post=65522"}],"curies":[{"name":"wp","href":"https:\/\/api.w.org\/{rel}","templated":true}]}}