{"id":65505,"date":"2022-06-24T00:44:04","date_gmt":"2022-06-24T00:44:04","guid":{"rendered":"https:\/\/jorgezanoni.com.br\/2019\/?p=65505"},"modified":"2022-06-24T00:44:04","modified_gmt":"2022-06-24T00:44:04","slug":"doenca-de-alzheimer-como-diagnosticar-e-tratar","status":"publish","type":"post","link":"https:\/\/jorgezanoni.com.br\/2019\/doenca-de-alzheimer-como-diagnosticar-e-tratar\/","title":{"rendered":"Doen\u00e7a de Alzheimer, como diagnosticar e tratar"},"content":{"rendered":"<p style=\"text-align: justify;\">A Doen\u00e7a de Alzheimer (D.A), \u00e9 tida como um tipo de doen\u00e7a neurodegenerativa.<\/p>\n<p style=\"text-align: justify;\">Inicialmente descrita pelo professor Alois Alzheimer no ano 1906, em sua descric\u00e3o inicial foi visto a perda neural e emaranhados neurofibrilares, ela tamb\u00e9m descreveu as placas extracelulares, conhecidas atualmente como placas senis.<\/p>\n<p style=\"text-align: justify;\">Pacientes acometidos com essa doen\u00e7a apresentam comprometimentos progressivos na sa\u00fade f\u00edsica, nas rela\u00e7\u00f5es e intera\u00e7\u00f5es sociais e nos dom\u00ednios cognitivos. Deste modo podemos observar comprometimentos em atividades do cotidiano, podendo associar-se a dificuldades do autocuidado. Observamos tamb\u00e9m mudan\u00e7as, altera\u00e7\u00f5es no comportamento, e no decorrer da doen\u00e7a na personalidade do indiv\u00edduo.<\/p>\n<p style=\"text-align: justify;\">Em sua forma precoce a D.A tem como caracter\u00edstica a heran\u00e7a autoss\u00f4mica dominante, relacionada com muta\u00e7\u00f5es gen\u00e9ticas nos genes precursores do Amil\u00f3ide (APP), Presenilina 1 (PSEN1) ou Presenilina 2 (PSNE2).<\/p>\n<p style=\"text-align: justify;\">Seu diagn\u00f3stico pode se dar atrav\u00e9s de um acompanhamento m\u00e9dico e gerontol\u00f3gico especializado, no qual realiza-se exames de sangue, imagens e Avalia\u00e7\u00f5es Neuropsicol\u00f3gicas.<\/p>\n<p style=\"text-align: justify;\">Para seu tratamento \u00e9 implementado medicamentos e Estimula\u00e7\u00e3o Cognitiva, tendo como foco a lentifica\u00e7\u00e3o da doen\u00e7a.<\/p>\n<p style=\"text-align: justify;\">Texto: Caroline Melegari &#8211; Geront\u00f3loga Especialista em Neuropsicol\u00f3gica.<\/p>\n<p style=\"text-align: justify;\">Mais informa\u00e7\u00f5es Cl\u00ednica Quality Life, endere\u00e7o Rua Monte Castelo,n 1901.<br \/>\nFone: (18)3822-2755 ou (18)99639-2860<\/p>\n","protected":false},"excerpt":{"rendered":"<p>A Doen\u00e7a de Alzheimer (D.A), \u00e9 tida como um tipo de doen\u00e7a neurodegenerativa. Inicialmente descrita pelo professor Alois Alzheimer no ano 1906, em sua descric\u00e3o inicial foi visto a perda neural e emaranhados neurofibrilares, ela tamb\u00e9m descreveu as placas extracelulares, conhecidas atualmente como placas senis. Pacientes acometidos com essa doen\u00e7a apresentam comprometimentos progressivos na sa\u00fade [&hellip;]<\/p>\n","protected":false},"author":1,"featured_media":65506,"comment_status":"closed","ping_status":"open","sticky":false,"template":"","format":"standard","meta":{"footnotes":""},"categories":[175],"tags":[],"class_list":["post-65505","post","type-post","status-publish","format-standard","has-post-thumbnail","hentry","category-artigos"],"_links":{"self":[{"href":"https:\/\/jorgezanoni.com.br\/2019\/wp-json\/wp\/v2\/posts\/65505","targetHints":{"allow":["GET"]}}],"collection":[{"href":"https:\/\/jorgezanoni.com.br\/2019\/wp-json\/wp\/v2\/posts"}],"about":[{"href":"https:\/\/jorgezanoni.com.br\/2019\/wp-json\/wp\/v2\/types\/post"}],"author":[{"embeddable":true,"href":"https:\/\/jorgezanoni.com.br\/2019\/wp-json\/wp\/v2\/users\/1"}],"replies":[{"embeddable":true,"href":"https:\/\/jorgezanoni.com.br\/2019\/wp-json\/wp\/v2\/comments?post=65505"}],"version-history":[{"count":0,"href":"https:\/\/jorgezanoni.com.br\/2019\/wp-json\/wp\/v2\/posts\/65505\/revisions"}],"wp:featuredmedia":[{"embeddable":true,"href":"https:\/\/jorgezanoni.com.br\/2019\/wp-json\/wp\/v2\/media\/65506"}],"wp:attachment":[{"href":"https:\/\/jorgezanoni.com.br\/2019\/wp-json\/wp\/v2\/media?parent=65505"}],"wp:term":[{"taxonomy":"category","embeddable":true,"href":"https:\/\/jorgezanoni.com.br\/2019\/wp-json\/wp\/v2\/categories?post=65505"},{"taxonomy":"post_tag","embeddable":true,"href":"https:\/\/jorgezanoni.com.br\/2019\/wp-json\/wp\/v2\/tags?post=65505"}],"curies":[{"name":"wp","href":"https:\/\/api.w.org\/{rel}","templated":true}]}}