{"id":65467,"date":"2022-06-22T23:29:57","date_gmt":"2022-06-22T23:29:57","guid":{"rendered":"https:\/\/jorgezanoni.com.br\/2019\/?p=65467"},"modified":"2022-06-22T23:30:53","modified_gmt":"2022-06-22T23:30:53","slug":"governo-de-sp-lanca-programa-ame-oncologia-e-amplia-rede-estadual-de-combate-ao-cancer-dracena-esta-incluida","status":"publish","type":"post","link":"https:\/\/jorgezanoni.com.br\/2019\/governo-de-sp-lanca-programa-ame-oncologia-e-amplia-rede-estadual-de-combate-ao-cancer-dracena-esta-incluida\/","title":{"rendered":"Governo de SP lan\u00e7a programa AME Oncologia e amplia rede estadual de combate ao c\u00e2ncer, Dracena est\u00e1 inclu\u00edda"},"content":{"rendered":"<p style=\"text-align: justify;\"><strong>Cinco ambulat\u00f3rios (INCLUINDO DRACENA), passam a oferecer sess\u00f5es de quimioterapia; demais unidades tamb\u00e9m v\u00e3o atender para c\u00e2ncer de pele e intestino.<\/strong><\/p>\n<p style=\"text-align: justify;\">O governador Rodrigo Garcia lan\u00e7ou nesta quarta-feira (22) o programa AME Oncologia, que vai oferecer diagn\u00f3stico e tratamento contra o c\u00e2ncer nos AMEs (Ambulat\u00f3rios M\u00e9dicos de Especialidades). As unidades ganham em complexidade e v\u00e3o prestar atendimento com exames, consultas, cirurgias e sess\u00f5es de quimioterapia.<\/p>\n<p style=\"text-align: justify;\">\u201cEstamos transformando 61 AMEs que v\u00e3o ajudar a popula\u00e7\u00e3o de S\u00e3o Paulo a enfrentar o c\u00e2ncer. O AME \u00e9 um projeto de sucesso, que atende milh\u00f5es de pessoas todos os anos e que agora tamb\u00e9m passa a oferecer um novo tratamento e um novo atendimento, que \u00e9 o de combate ao c\u00e2ncer. Vamos come\u00e7ar com cinco AMEs no Estado fazendo tamb\u00e9m a quimioterapia e o conjunto dos outros AMEs com consultas, exames, diagn\u00f3sticos e cirurgias\u201d, disse Rodrigo Garcia.<\/p>\n<p style=\"text-align: justify;\">O an\u00fancio foi feito no AME Barradas, unidade de refer\u00eancia na zona sul da capital e que j\u00e1 presta atendimento a pacientes com c\u00e2ncer de pele e de intestino. Os AMEs de Taubat\u00e9, Itapetininga, Santo Andr\u00e9, Dracena e Mogi das Cruzes ser\u00e3o as primeiras unidades com atendimento integral, ofertando mais de 20 mil sess\u00f5es de quimioterapia por ano.<\/p>\n<p style=\"text-align: justify;\">Ser\u00e3o mais de 3,2 mil novos pacientes por ano. As duas primeiras unidades, em Taubat\u00e9 e Itapetininga, passam a prestar os novos tratamentos j\u00e1 na pr\u00f3xima semana. As cinco unidades AME passam a integrar a Rebe Camargo de Combate ao C\u00e2ncer e v\u00e3o oferecer assist\u00eancia mais pr\u00f3xima do paciente, que n\u00e3o precisar\u00e1 mais se deslocar para outras cidades para receber atendimento. Pacientes da regi\u00e3o de Itapetinga, por exemplo, que antes precisavam ir at\u00e9 Sorocaba, agora passar\u00e3o a contar com sess\u00f5es de quimioterapia no AME local.<\/p>\n<p style=\"text-align: justify;\">Al\u00e9m das vantagens assistenciais, o AME Oncologia otimiza os recursos do Governo do Estado. A instala\u00e7\u00e3o destas unidades ter\u00e1 um investimento 80% menor que a implanta\u00e7\u00e3o de um novo hospital para este fim, j\u00e1 que potencializam a estrutura existente na rede de ambulat\u00f3rios.<\/p>\n<p style=\"text-align: justify;\">O programa tamb\u00e9m vai oferecer assist\u00eancia contra o c\u00e2ncer de pele e de intestino em outras unidades de todas as regi\u00f5es do estado.<\/p>\n<p style=\"text-align: justify;\">A previs\u00e3o \u00e9 que 61 ambulat\u00f3rios passem a prestar atendimento com consultas, exames, bi\u00f3psias e cirurgias contra o c\u00e2ncer de pele. As unidades ter\u00e3o uma agenda exclusiva para o tratamento oncol\u00f3gico, com prazo reduzido de 90 para 45 dias. Os pacientes ser\u00e3o encaminhados pelos munic\u00edpios com um protocolo especial para o tratamento da doen\u00e7a.<\/p>\n<p style=\"text-align: justify;\">J\u00e1 com rela\u00e7\u00e3o ao c\u00e2ncer de intestino, o tempo de diagn\u00f3stico deve cair de 90 para 30 dias com a oferta de colonoscopia nos AMEs. O c\u00e2ncer de col\u00f3n e reto \u00e9 o que possui a segunda maior incid\u00eancia no estado. A agilidade no diagn\u00f3stico \u00e9 fundamental para um tratamento mais eficaz e com maior chance de cura. A agenda exclusiva para o c\u00e2ncer de intestino ser\u00e1 ofertada em 39 AMEs.<\/p>\n<p style=\"text-align: justify;\">O investimento do Governo do Estado nesta primeira fase do programa, que poder\u00e1 ter o atendimento em quimioterapia estendido para outras unidades, \u00e9 de R$ 4,5 milh\u00f5es, com custeio anual previsto de R$ 50 milh\u00f5es.<\/p>\n<p style=\"text-align: justify;\">Portal do Governo<\/p>\n<p style=\"text-align: justify;\">Fonte: https:\/\/www.saopaulo.sp.gov.br\/spnoticias\/governo-de-sp-lanca-programa-ame-oncologia-e-amplia-rede-estadual-de-combate-ao-cancer\/<\/p>\n","protected":false},"excerpt":{"rendered":"<p>Cinco ambulat\u00f3rios (INCLUINDO DRACENA), passam a oferecer sess\u00f5es de quimioterapia; demais unidades tamb\u00e9m v\u00e3o atender para c\u00e2ncer de pele e intestino. O governador Rodrigo Garcia lan\u00e7ou nesta quarta-feira (22) o programa AME Oncologia, que vai oferecer diagn\u00f3stico e tratamento contra o c\u00e2ncer nos AMEs (Ambulat\u00f3rios M\u00e9dicos de Especialidades). As unidades ganham em complexidade e v\u00e3o [&hellip;]<\/p>\n","protected":false},"author":1,"featured_media":65468,"comment_status":"closed","ping_status":"open","sticky":false,"template":"","format":"standard","meta":{"footnotes":""},"categories":[110,116,122],"tags":[],"class_list":["post-65467","post","type-post","status-publish","format-standard","has-post-thumbnail","hentry","category-noticiasdestaque","category-politicaeeconomia","category-saudeeducacaoeconcurso"],"_links":{"self":[{"href":"https:\/\/jorgezanoni.com.br\/2019\/wp-json\/wp\/v2\/posts\/65467","targetHints":{"allow":["GET"]}}],"collection":[{"href":"https:\/\/jorgezanoni.com.br\/2019\/wp-json\/wp\/v2\/posts"}],"about":[{"href":"https:\/\/jorgezanoni.com.br\/2019\/wp-json\/wp\/v2\/types\/post"}],"author":[{"embeddable":true,"href":"https:\/\/jorgezanoni.com.br\/2019\/wp-json\/wp\/v2\/users\/1"}],"replies":[{"embeddable":true,"href":"https:\/\/jorgezanoni.com.br\/2019\/wp-json\/wp\/v2\/comments?post=65467"}],"version-history":[{"count":0,"href":"https:\/\/jorgezanoni.com.br\/2019\/wp-json\/wp\/v2\/posts\/65467\/revisions"}],"wp:featuredmedia":[{"embeddable":true,"href":"https:\/\/jorgezanoni.com.br\/2019\/wp-json\/wp\/v2\/media\/65468"}],"wp:attachment":[{"href":"https:\/\/jorgezanoni.com.br\/2019\/wp-json\/wp\/v2\/media?parent=65467"}],"wp:term":[{"taxonomy":"category","embeddable":true,"href":"https:\/\/jorgezanoni.com.br\/2019\/wp-json\/wp\/v2\/categories?post=65467"},{"taxonomy":"post_tag","embeddable":true,"href":"https:\/\/jorgezanoni.com.br\/2019\/wp-json\/wp\/v2\/tags?post=65467"}],"curies":[{"name":"wp","href":"https:\/\/api.w.org\/{rel}","templated":true}]}}