{"id":65461,"date":"2022-06-22T22:58:16","date_gmt":"2022-06-22T22:58:16","guid":{"rendered":"https:\/\/jorgezanoni.com.br\/2019\/?p=65461"},"modified":"2022-06-22T23:02:34","modified_gmt":"2022-06-22T23:02:34","slug":"ex-ministro-milton-ribeiro-que-esteve-em-dracena-e-prometeu-o-colegio-civico-militar-e-preso-em-operacao-da-pf","status":"publish","type":"post","link":"https:\/\/jorgezanoni.com.br\/2019\/ex-ministro-milton-ribeiro-que-esteve-em-dracena-e-prometeu-o-colegio-civico-militar-e-preso-em-operacao-da-pf\/","title":{"rendered":"Ex-ministro Milton Ribeiro que esteve em Dracena e prometeu o Col\u00e9gio C\u00edvico Militar, \u00e9 preso em opera\u00e7\u00e3o da PF"},"content":{"rendered":"<p style=\"text-align: justify;\"><strong>Mandado de pris\u00e3o preventiva foi expedido na opera\u00e7\u00e3o &#8220;Acesso Pago&#8221;, que investiga a pr\u00e1tica de tr\u00e1fico de influ\u00eancia e corrup\u00e7\u00e3o para a libera\u00e7\u00e3o de recursos p\u00fablicos do FNDE.<\/strong><\/p>\n<p style=\"text-align: justify;\">O\u00a0<a href=\"https:\/\/www.cnnbrasil.com.br\/tudo-sobre\/milton-ribeiro\/\">ex-ministro da Educa\u00e7\u00e3o Milton Ribeiro<\/a>\u00a0foi preso preventivamente, nesta quarta-feira (22), em Santos. O mandado foi expedido no \u00e2mbito de uma opera\u00e7\u00e3o da\u00a0<a href=\"https:\/\/www.cnnbrasil.com.br\/tudo-sobre\/policia-federal-pf\/\">Pol\u00edcia Federal (PF)<\/a>\u00a0deflagrada nesta quarta. Tamb\u00e9m foram presos na opera\u00e7\u00e3o os\u00a0<a href=\"https:\/\/www.cnnbrasil.com.br\/politica\/gsi-diz-que-pastores-investigados-em-caso-no-mec-estiveram-35-vezes-no-planalto\/\">pastores Arilton Moura, no Par\u00e1, e Gilmar Santos<\/a>, em Bras\u00edlia. Ambos tamb\u00e9m tinham mandados de pris\u00e3o expedido.<\/p>\n<p style=\"text-align: justify;\">De acordo com a PF, a opera\u00e7\u00e3o \u201cAcesso Pago\u201d tem o objetivo de investigar a pr\u00e1tica de tr\u00e1fico de influ\u00eancia e corrup\u00e7\u00e3o para a libera\u00e7\u00e3o de recursos p\u00fablicos do\u00a0<a href=\"https:\/\/www.cnnbrasil.com.br\/tudo-sobre\/fnde\/\">Fundo Nacional de Desenvolvimento da Educa\u00e7\u00e3o (FNDE),<\/a>\u00a0vinculado ao\u00a0<a href=\"https:\/\/www.cnnbrasil.com.br\/tudo-sobre\/ministerio-da-educacao-mec\/\">Minist\u00e9rio da Educa\u00e7\u00e3o (MEC).<\/a><\/p>\n<p style=\"text-align: justify;\">O mandado de pris\u00e3o preventiva expedido contra Milton Ribeiro cita os crimes de corrup\u00e7\u00e3o passiva, prevarica\u00e7\u00e3o, advocacia administrativa e tr\u00e1fico de influ\u00eancia.<\/p>\n<p style=\"text-align: justify;\">O juiz federal Renato Borelli determinou que o ex-ministro seja levado para a Superintend\u00eancia da Pol\u00edcia Federal em Bras\u00edlia, e que a audi\u00eancia de cust\u00f3dia seja realizada ainda nesta quarta (22) durante a tarde.<\/p>\n<p style=\"text-align: justify;\">Al\u00e9m do mandado contra o ministro, est\u00e3o sendo cumpridos 13 mandados de busca e apreens\u00e3o e outros quatro mandados de pris\u00e3o, distribu\u00eddos pelos estados de Goi\u00e1s, S\u00e3o Paulo, Par\u00e1 e Distrito Federal.<\/p>\n<p style=\"text-align: justify;\">Al\u00e9m disso, h\u00e1 medidas cautelares, como a proibi\u00e7\u00e3o de contatos entre investigados e envolvidos.<\/p>\n<p style=\"text-align: justify;\">\u201cO crime de tr\u00e1fico de influ\u00eancia est\u00e1 previsto no artigo 332 do C\u00f3digo Penal, com pena prevista de 2 a 5 anos de reclus\u00e3o. S\u00e3o investigados tamb\u00e9m fatos tipificados como crime de corrup\u00e7\u00e3o passiva (2 a 12 anos de reclus\u00e3o), prevarica\u00e7\u00e3o (3 meses a 1 ano de deten\u00e7\u00e3o) e advocacia administrativa (1 a 3 meses), todos previstos no C\u00f3digo Penal\u201d, informou a PF.<\/p>\n<p style=\"text-align: justify;\">\u201cA investiga\u00e7\u00e3o iniciou-se com a autoriza\u00e7\u00e3o do STF em raz\u00e3o do foro privilegiado de um dos investigados\u201d, informou a PF em nota.<\/p>\n<p style=\"text-align: justify;\">Os policiais basearam a investiga\u00e7\u00e3o em documentos, depoimentos e no \u201crelat\u00f3rio final da investiga\u00e7\u00e3o preliminar sum\u00e1ria\u201d da Controladoria-Geral da Uni\u00e3o (CGU).<\/p>\n<p style=\"text-align: justify;\">\u201cForam identificados poss\u00edveis ind\u00edcios de pr\u00e1tica criminosa para a libera\u00e7\u00e3o das verbas p\u00fablicas\u201d, afirma a PF.<\/p>\n<p style=\"text-align: justify;\">A defesa do ex-ministro afirmou que n\u00e3o teve acesso \u00e0 decis\u00e3o. \u201cEstou atr\u00e1s das c\u00f3pias do processo para poder fazer um Habeas Corpus porque mesmo sem conhecer profundamente o caso, parece-me que essa pris\u00e3o preventiva n\u00e3o possui contemporaneidade e n\u00e3o haveria nem raz\u00e3o ou motivo concreto para essa cust\u00f3dia antecipada. E eu o acompanharei na audi\u00eancia de cust\u00f3dia designada\u201d, afirmou Daniel o advogado Bialski.<\/p>\n<p style=\"text-align: justify;\">Em nota, o Minist\u00e9rio da Educa\u00e7\u00e3o diz que colabora com todas as inst\u00e2ncias de investiga\u00e7\u00e3o que envolvem a gest\u00e3o anterior da pasta. \u201cNo sentido de esclarecer todas as quest\u00f5es, o MEC refor\u00e7a que continua contribuindo com os \u00f3rg\u00e3os de controle para que os fatos sejam esclarecidos com a maior brevidade poss\u00edvel. O MEC ressalta que o Governo Federal n\u00e3o compactua com qualquer ato irregular e o continuar\u00e1 a colaborar com as investiga\u00e7\u00f5es\u201d, diz o comunicado.<\/p>\n<h2 style=\"text-align: justify;\">Entenda as den\u00fancias que derrubaram Milton Ribeiro do MEC<\/h2>\n<p style=\"text-align: justify;\">Em um \u00e1udio obtido pelo jornal \u201cFolha de S.Paulo\u201d e em reportagens do \u201cO Estado de S. Paulo\u201d, Ribeiro \u00e9 envolvido no que seria um esquema de favorecimento a pastores na pasta.<\/p>\n<p style=\"text-align: justify;\">Em uma conversa gravada, o<a href=\"https:\/\/www.cnnbrasil.com.br\/politica\/a-cnn-ribeiro-nega-que-bolsonaro-tenha-pedido-para-favorecer-pastores-e-diz-que-fica-no-cargo\/\">\u00a0ministro afirma que recebeu um pedido do presidente Jair Bolsonaro<\/a>\u00a0(PL) para que a libera\u00e7\u00e3o de verbas da pasta fosse direcionada para prefeituras espec\u00edficas a partir da negocia\u00e7\u00e3o feita por dois pastores evang\u00e9licos que n\u00e3o possuem cargos no governo federal.<\/p>\n<p style=\"text-align: justify;\">Na grava\u00e7\u00e3o, Ribeiro diz que se trata de \u201cum pedido especial do presidente da Rep\u00fablica\u201d. \u201cFoi um pedido especial que o presidente da Rep\u00fablica fez para mim sobre a quest\u00e3o do [pastor] Gilmar\u201d, diz o ministro na conversa com prefeitos e outros dois pastores, segundo o jornal.<\/p>\n<p style=\"text-align: justify;\">Ribeiro continua: \u201cPorque a minha prioridade \u00e9 atender primeiro os munic\u00edpios que mais precisam e, em segundo, atender a todos os que s\u00e3o amigos do pastor Gilmar.\u201d<\/p>\n<p style=\"text-align: justify;\">Os pastores Gilmar Santos e Arilton Moura s\u00e3o os citados nos \u00e1udios. Segundo o jornal, os dois religiosos t\u00eam negociado com prefeituras a libera\u00e7\u00e3o de recursos federais para obras em creches, escolas e compra de equipamentos de tecnologia.<\/p>\n<p style=\"text-align: justify;\">Na conversa vazada, o ministro de Bolsonaro indica que, com a libera\u00e7\u00e3o de recursos, pode haver uma contrapartida.<\/p>\n<p style=\"text-align: justify;\">\u201cO apoio que a gente pede n\u00e3o \u00e9 segredo, isso pode ser [inaud\u00edvel] \u00e9 apoio sobre constru\u00e7\u00e3o de igrejas\u201d. Nos \u00e1udios, n\u00e3o fica claro a forma como esse apoio se daria.<\/p>\n<p style=\"text-align: justify;\">No ano passado, para poupar as emendas parlamentares de um corte maior, o governo promoveu um bloqueio de R$ 9,2 bilh\u00f5es de despesas de minist\u00e9rios e estatais que atinge principalmente a Educa\u00e7\u00e3o.<\/p>\n<p style=\"text-align: justify;\">Ribeiro negou que tenha favorecido pastores. Em nota enviada \u00e0\u00a0<strong>CNN<\/strong>, o ministro\u00a0<a href=\"https:\/\/www.cnnbrasil.com.br\/politica\/a-cnn-ribeiro-nega-que-bolsonaro-tenha-pedido-para-favorecer-pastores-e-diz-que-fica-no-cargo\/\">dizia ainda que o presidente \u201cn\u00e3o pediu atendimento preferencial<\/a>\u00a0a ningu\u00e9m, solicitou apenas que pudesse receber todos que nos procurassem\u201d.<\/p>\n<p style=\"text-align: justify;\"><a href=\"https:\/\/www.cnnbrasil.com.br\/politica\/milton-ribeiro-anuncia-exoneracao-do-ministerio-da-educacao\/\">Ribeiro deixou o Minist\u00e9rio da Educa\u00e7\u00e3o em 28 de mar\u00e7o.<\/a><\/p>\n<p style=\"text-align: justify;\">\u201cN\u00e3o me despedirei, direi at\u00e9 breve\u201d, diz ministro da Educa\u00e7\u00e3o na carta entregue a Bolsonaro. Ribeiro \u00e9 alvo de um\u00a0<a href=\"https:\/\/www.cnnbrasil.com.br\/politica\/pf-abre-inquerito-para-apurar-repasse-ilegal-de-verbas-do-mec\/\">inqu\u00e9rito da Pol\u00edcia Federal (PF)<\/a>\u00a0e do<a href=\"https:\/\/www.cnnbrasil.com.br\/politica\/carmen-lucia-autoriza-abertura-de-inquerito-contra-milton-ribeiro\/\">\u00a0Supremo Tribunal Federal (STF) por suspeitas de favorecimentos a pastores<\/a>\u00a0na distribui\u00e7\u00e3o de verbas do Minist\u00e9rio da Educa\u00e7\u00e3o (MEC).<\/p>\n<p style=\"text-align: justify;\">Na carta, Ribeiro diz que sua vida \u201csofreu uma grande transforma\u00e7\u00e3o\u201d desde a divulga\u00e7\u00e3o de reportagem que o implicavam em um esquema de favorecimento a pastores dentro do MEC.<\/p>\n<p style=\"text-align: justify;\"><a href=\"https:\/\/www.cnnbrasil.com.br\/politica\/mandei-suspender-repasses-investigados-diz-ministro-da-educacao-a-cnn\/\">Em entrevista exclusiva \u00e0 analista de pol\u00edtica da\u00a0<strong>CNN<\/strong>\u00a0Renata Agostini<\/a>, o atual ministro da Educa\u00e7\u00e3o,\u00a0<a href=\"https:\/\/www.cnnbrasil.com.br\/tudo-sobre\/victor-godoy\/\">Victor Godoy<\/a>, afirmou que mandou suspender todos os repasses da pasta que est\u00e3o sendo investigados.<\/p>\n<p style=\"text-align: justify;\">Fonte: https:\/\/www.cnnbrasil.com.br\/politica\/ex-ministro-milton-ribeiro-e-preso-em-operacao-da-pf\/<\/p>\n<p style=\"text-align: justify;\"><strong>VEJA MAT\u00c9RIA NA \u00cdNTEGRA PUBLICADA NO SITE JZ NO LINK:<\/strong> https:\/\/jorgezanoni.com.br\/2019\/2022\/02\/15\/ministro-da-educacao-aprova-colegio-civico-militar-em-dracena\/<\/p>\n<p>&nbsp;<\/p>\n","protected":false},"excerpt":{"rendered":"<p>Mandado de pris\u00e3o preventiva foi expedido na opera\u00e7\u00e3o &#8220;Acesso Pago&#8221;, que investiga a pr\u00e1tica de tr\u00e1fico de influ\u00eancia e corrup\u00e7\u00e3o para a libera\u00e7\u00e3o de recursos p\u00fablicos do FNDE. O\u00a0ex-ministro da Educa\u00e7\u00e3o Milton Ribeiro\u00a0foi preso preventivamente, nesta quarta-feira (22), em Santos. O mandado foi expedido no \u00e2mbito de uma opera\u00e7\u00e3o da\u00a0Pol\u00edcia Federal (PF)\u00a0deflagrada nesta quarta. Tamb\u00e9m [&hellip;]<\/p>\n","protected":false},"author":1,"featured_media":65463,"comment_status":"closed","ping_status":"open","sticky":false,"template":"","format":"standard","meta":{"footnotes":""},"categories":[120,110,116],"tags":[],"class_list":["post-65461","post","type-post","status-publish","format-standard","has-post-thumbnail","hentry","category-justicahabitacaotecnologia","category-noticiasdestaque","category-politicaeeconomia"],"_links":{"self":[{"href":"https:\/\/jorgezanoni.com.br\/2019\/wp-json\/wp\/v2\/posts\/65461","targetHints":{"allow":["GET"]}}],"collection":[{"href":"https:\/\/jorgezanoni.com.br\/2019\/wp-json\/wp\/v2\/posts"}],"about":[{"href":"https:\/\/jorgezanoni.com.br\/2019\/wp-json\/wp\/v2\/types\/post"}],"author":[{"embeddable":true,"href":"https:\/\/jorgezanoni.com.br\/2019\/wp-json\/wp\/v2\/users\/1"}],"replies":[{"embeddable":true,"href":"https:\/\/jorgezanoni.com.br\/2019\/wp-json\/wp\/v2\/comments?post=65461"}],"version-history":[{"count":0,"href":"https:\/\/jorgezanoni.com.br\/2019\/wp-json\/wp\/v2\/posts\/65461\/revisions"}],"wp:featuredmedia":[{"embeddable":true,"href":"https:\/\/jorgezanoni.com.br\/2019\/wp-json\/wp\/v2\/media\/65463"}],"wp:attachment":[{"href":"https:\/\/jorgezanoni.com.br\/2019\/wp-json\/wp\/v2\/media?parent=65461"}],"wp:term":[{"taxonomy":"category","embeddable":true,"href":"https:\/\/jorgezanoni.com.br\/2019\/wp-json\/wp\/v2\/categories?post=65461"},{"taxonomy":"post_tag","embeddable":true,"href":"https:\/\/jorgezanoni.com.br\/2019\/wp-json\/wp\/v2\/tags?post=65461"}],"curies":[{"name":"wp","href":"https:\/\/api.w.org\/{rel}","templated":true}]}}