{"id":65427,"date":"2022-06-22T00:48:36","date_gmt":"2022-06-22T00:48:36","guid":{"rendered":"https:\/\/jorgezanoni.com.br\/2019\/?p=65427"},"modified":"2022-06-22T00:48:36","modified_gmt":"2022-06-22T00:48:36","slug":"ave-adamantina-por-sergio-barbosa","status":"publish","type":"post","link":"https:\/\/jorgezanoni.com.br\/2019\/ave-adamantina-por-sergio-barbosa\/","title":{"rendered":"Ave Adamantina!!! (por S\u00e9rgio Barbosa)"},"content":{"rendered":"<p style=\"text-align: justify;\"><strong>AVE ADAMANTINA!!!<\/strong><\/p>\n<p style=\"text-align: justify;\"><strong>\u201cUm cumprimento gentil e delicado muitas vezes cria amizade, apaga a inimizade.\u201d (<a href=\"https:\/\/www.pensador.com\/autor\/erasmo_de_roterda\/\">Erasmo de Roterd\u00e3<\/a>)<\/strong><em>\u00a0<\/em><\/p>\n<p style=\"text-align: justify;\"><strong><em>Para os\/as adamantinanses, dedico!<\/em><\/strong><\/p>\n<p style=\"text-align: justify;\"><strong><em>S\u00e9rgio Barbosa (*)<\/em><\/strong><\/p>\n<p style=\"text-align: justify;\">A cidade de Adamantina oferece entre as suas op\u00e7\u00f5es, uma caracter\u00edstica mais do que especial para visitantes e pessoas que aqui aportaram em busca disto ou daquilo, tal fato aconteceu com este articulista em terras provincianas&#8230;<\/p>\n<p style=\"text-align: justify;\">Dentre as muitas ofertas da prov\u00edncia, podem-se enumerar v\u00e1rias possibilidades para um olhar mais atento em tempo de p\u00f3s-globaliza\u00e7\u00e3o, talvez, na l\u00edngua tupiniquim do \u201cPa\u00eds do faz de conta\u201d&#8230;<\/p>\n<p style=\"text-align: justify;\">A simplicidade da prov\u00edncia contrasta com sua institui\u00e7\u00e3o maior na \u00e1rea do ensino superior em n\u00edveis local, regional, estadual e nacional, consolidando desta forma, a proposta educacional para um novo tempo por meio das estruturas f\u00edsica e humana deste complexo universit\u00e1rio&#8230;<\/p>\n<p style=\"text-align: justify;\">A dist\u00e2ncia da capital paulista representa, assim, apenas mais um desafio a ser vencido pelos adamantinenses da melhor forma poss\u00edvel, haja vista, a presen\u00e7a das demais cidades em volta para uma disputa a mais em fun\u00e7\u00e3o da presen\u00e7a marcante de Adamantina no cen\u00e1rio educacional brasileiro&#8230;<\/p>\n<p style=\"text-align: justify;\">O momento requer aten\u00e7\u00e3o para dar a volta por cima deste e do outro tempo, portanto, faz-se necess\u00e1rio estar em conex\u00e3o com as mudan\u00e7as no Planeta Terra, tamb\u00e9m, no nosso umbigo chamado \u201dPa\u00eds do faz de conta\u201d&#8230;<\/p>\n<p style=\"text-align: justify;\">N\u00e3o se pode ficar alheio aos desencontros em \u00e1reas afins aos interesses da comunidade adamantinense, neste caso espec\u00edfico, exige-se do poder p\u00fablico nas esferas municipal, estadual e federal propostas para as necessidades comunit\u00e1rias, entre as quais: sa\u00fade, educa\u00e7\u00e3o, emprego e demais investimentos relacionados com as necessidades emergentes em n\u00edvel regional&#8230;<\/p>\n<p style=\"text-align: justify;\">S\u00e3o mais de cinco d\u00e9cadas em busca do outro lado, portanto, Adamantina tem muito a crescer ainda neste cen\u00e1rio plural para a sua comunidade, destoando das demais propostas da regi\u00e3o, possibilitando novos desafios para os adamantinenses deste novo tempo que se chama hoje&#8230;<\/p>\n<p style=\"text-align: justify;\">A cidade de Adamantina esteve durante alguns anos em pauta por causa do tal \u201ccorredor da fome\u201d, no entanto, passaram-se os anos e com os mesmos, novas alternativas apareceram para colocar a cidade na rota das cidades preocupadas com a educa\u00e7\u00e3o glocal, ou seja, do global para o local&#8230;<\/p>\n<p style=\"text-align: justify;\">Assim, dizem, \u201ccaminha a humanidade\u201d para um lado ou para o outro, por\u00e9m, Adamantina est\u00e1 al\u00e9m deste tempo para os simples mortais, conquistando de uma forma exemplar o seu lugar na regi\u00e3o e no Estado de S\u00e3o Paulo por meio da sua proposta voltada para \u00e1reas afins aos objetivos da expans\u00e3o exemplar dos adamantinenses, tamb\u00e9m, fortalecendo a presen\u00e7a como p\u00f3lo educacional frente aos desafios da educa\u00e7\u00e3o no \u201cPa\u00eds do faz de conta\u201d&#8230;<\/p>\n<p style=\"text-align: justify;\">Parab\u00e9ns Adamantina pelos 73 anos!<\/p>\n<p style=\"text-align: justify;\">Vida longa aos adamantinenses!<\/p>\n<p style=\"text-align: justify;\"><em>____________________________________________<\/em><\/p>\n<p style=\"text-align: justify;\"><em>(*) Jornalista diplomado e professor universit\u00e1rio. (residente desde 1999 nesta Prov\u00edncia&#8230;).<\/em><\/p>\n","protected":false},"excerpt":{"rendered":"<p>AVE ADAMANTINA!!! \u201cUm cumprimento gentil e delicado muitas vezes cria amizade, apaga a inimizade.\u201d (Erasmo de Roterd\u00e3)\u00a0 Para os\/as adamantinanses, dedico! S\u00e9rgio Barbosa (*) A cidade de Adamantina oferece entre as suas op\u00e7\u00f5es, uma caracter\u00edstica mais do que especial para visitantes e pessoas que aqui aportaram em busca disto ou daquilo, tal fato aconteceu com [&hellip;]<\/p>\n","protected":false},"author":1,"featured_media":65428,"comment_status":"closed","ping_status":"open","sticky":false,"template":"","format":"standard","meta":{"footnotes":""},"categories":[175],"tags":[],"class_list":["post-65427","post","type-post","status-publish","format-standard","has-post-thumbnail","hentry","category-artigos"],"_links":{"self":[{"href":"https:\/\/jorgezanoni.com.br\/2019\/wp-json\/wp\/v2\/posts\/65427","targetHints":{"allow":["GET"]}}],"collection":[{"href":"https:\/\/jorgezanoni.com.br\/2019\/wp-json\/wp\/v2\/posts"}],"about":[{"href":"https:\/\/jorgezanoni.com.br\/2019\/wp-json\/wp\/v2\/types\/post"}],"author":[{"embeddable":true,"href":"https:\/\/jorgezanoni.com.br\/2019\/wp-json\/wp\/v2\/users\/1"}],"replies":[{"embeddable":true,"href":"https:\/\/jorgezanoni.com.br\/2019\/wp-json\/wp\/v2\/comments?post=65427"}],"version-history":[{"count":0,"href":"https:\/\/jorgezanoni.com.br\/2019\/wp-json\/wp\/v2\/posts\/65427\/revisions"}],"wp:featuredmedia":[{"embeddable":true,"href":"https:\/\/jorgezanoni.com.br\/2019\/wp-json\/wp\/v2\/media\/65428"}],"wp:attachment":[{"href":"https:\/\/jorgezanoni.com.br\/2019\/wp-json\/wp\/v2\/media?parent=65427"}],"wp:term":[{"taxonomy":"category","embeddable":true,"href":"https:\/\/jorgezanoni.com.br\/2019\/wp-json\/wp\/v2\/categories?post=65427"},{"taxonomy":"post_tag","embeddable":true,"href":"https:\/\/jorgezanoni.com.br\/2019\/wp-json\/wp\/v2\/tags?post=65427"}],"curies":[{"name":"wp","href":"https:\/\/api.w.org\/{rel}","templated":true}]}}