{"id":65419,"date":"2022-06-22T00:31:04","date_gmt":"2022-06-22T00:31:04","guid":{"rendered":"https:\/\/jorgezanoni.com.br\/2019\/?p=65419"},"modified":"2022-06-22T00:31:04","modified_gmt":"2022-06-22T00:31:04","slug":"formatura-do-proerd-no-colegio-anglo-em-dracena","status":"publish","type":"post","link":"https:\/\/jorgezanoni.com.br\/2019\/formatura-do-proerd-no-colegio-anglo-em-dracena\/","title":{"rendered":"Formatura do PROERD no Col\u00e9gio Anglo em Dracena"},"content":{"rendered":"<p style=\"text-align: justify;\">Formatura do PROERD Col\u00e9gio Anglo Cid Dracena realizada pelo instrutor Cabo PM Felipe no dia 20 de Junho \u00e0s 19:30, formando 32 alunos com a presen\u00e7a do Comandante Interino da 1\u00aa Companhia PM 1\u00b0 Tenente PM Rodrigo e da &#8220;Policial Maria Alice &#8220;, (filha do instrutor do PROERD Cabo PM Felipe)<\/p>\n<p><img loading=\"lazy\" decoding=\"async\" class=\"alignnone size-full wp-image-65420\" src=\"https:\/\/jorgezanoni.com.br\/2019\/wp-content\/uploads\/2022\/06\/proed3.jpg\" alt=\"\" width=\"1280\" height=\"720\" srcset=\"https:\/\/jorgezanoni.com.br\/2019\/wp-content\/uploads\/2022\/06\/proed3.jpg 1280w, https:\/\/jorgezanoni.com.br\/2019\/wp-content\/uploads\/2022\/06\/proed3-300x169.jpg 300w, https:\/\/jorgezanoni.com.br\/2019\/wp-content\/uploads\/2022\/06\/proed3-1024x576.jpg 1024w, https:\/\/jorgezanoni.com.br\/2019\/wp-content\/uploads\/2022\/06\/proed3-768x432.jpg 768w, https:\/\/jorgezanoni.com.br\/2019\/wp-content\/uploads\/2022\/06\/proed3-696x392.jpg 696w, https:\/\/jorgezanoni.com.br\/2019\/wp-content\/uploads\/2022\/06\/proed3-1068x601.jpg 1068w, https:\/\/jorgezanoni.com.br\/2019\/wp-content\/uploads\/2022\/06\/proed3-747x420.jpg 747w\" sizes=\"auto, (max-width: 1280px) 100vw, 1280px\" \/> <img loading=\"lazy\" decoding=\"async\" class=\"alignnone size-full wp-image-65421\" src=\"https:\/\/jorgezanoni.com.br\/2019\/wp-content\/uploads\/2022\/06\/proedr1.jpg\" alt=\"\" width=\"625\" height=\"1280\" srcset=\"https:\/\/jorgezanoni.com.br\/2019\/wp-content\/uploads\/2022\/06\/proedr1.jpg 625w, https:\/\/jorgezanoni.com.br\/2019\/wp-content\/uploads\/2022\/06\/proedr1-146x300.jpg 146w, https:\/\/jorgezanoni.com.br\/2019\/wp-content\/uploads\/2022\/06\/proedr1-500x1024.jpg 500w, https:\/\/jorgezanoni.com.br\/2019\/wp-content\/uploads\/2022\/06\/proedr1-205x420.jpg 205w\" sizes=\"auto, (max-width: 625px) 100vw, 625px\" \/> <img loading=\"lazy\" decoding=\"async\" class=\"alignnone size-full wp-image-65423\" src=\"https:\/\/jorgezanoni.com.br\/2019\/wp-content\/uploads\/2022\/06\/proerd2.jpg\" alt=\"\" width=\"826\" height=\"1280\" srcset=\"https:\/\/jorgezanoni.com.br\/2019\/wp-content\/uploads\/2022\/06\/proerd2.jpg 826w, https:\/\/jorgezanoni.com.br\/2019\/wp-content\/uploads\/2022\/06\/proerd2-194x300.jpg 194w, https:\/\/jorgezanoni.com.br\/2019\/wp-content\/uploads\/2022\/06\/proerd2-661x1024.jpg 661w, https:\/\/jorgezanoni.com.br\/2019\/wp-content\/uploads\/2022\/06\/proerd2-768x1190.jpg 768w, https:\/\/jorgezanoni.com.br\/2019\/wp-content\/uploads\/2022\/06\/proerd2-696x1079.jpg 696w, https:\/\/jorgezanoni.com.br\/2019\/wp-content\/uploads\/2022\/06\/proerd2-271x420.jpg 271w\" sizes=\"auto, (max-width: 826px) 100vw, 826px\" \/> <img loading=\"lazy\" decoding=\"async\" class=\"alignnone size-full wp-image-65424\" src=\"https:\/\/jorgezanoni.com.br\/2019\/wp-content\/uploads\/2022\/06\/proerd4.jpg\" alt=\"\" width=\"780\" height=\"1040\" srcset=\"https:\/\/jorgezanoni.com.br\/2019\/wp-content\/uploads\/2022\/06\/proerd4.jpg 780w, https:\/\/jorgezanoni.com.br\/2019\/wp-content\/uploads\/2022\/06\/proerd4-225x300.jpg 225w, https:\/\/jorgezanoni.com.br\/2019\/wp-content\/uploads\/2022\/06\/proerd4-768x1024.jpg 768w, https:\/\/jorgezanoni.com.br\/2019\/wp-content\/uploads\/2022\/06\/proerd4-696x928.jpg 696w, https:\/\/jorgezanoni.com.br\/2019\/wp-content\/uploads\/2022\/06\/proerd4-315x420.jpg 315w\" sizes=\"auto, (max-width: 780px) 100vw, 780px\" \/>Fonte: Com. Social Pol\u00edcia Militar<\/p>\n","protected":false},"excerpt":{"rendered":"<p>Formatura do PROERD Col\u00e9gio Anglo Cid Dracena realizada pelo instrutor Cabo PM Felipe no dia 20 de Junho \u00e0s 19:30, formando 32 alunos com a presen\u00e7a do Comandante Interino da 1\u00aa Companhia PM 1\u00b0 Tenente PM Rodrigo e da &#8220;Policial Maria Alice &#8220;, (filha do instrutor do PROERD Cabo PM Felipe) Fonte: Com. Social Pol\u00edcia [&hellip;]<\/p>\n","protected":false},"author":1,"featured_media":65422,"comment_status":"closed","ping_status":"open","sticky":false,"template":"","format":"standard","meta":{"footnotes":""},"categories":[110,2],"tags":[],"class_list":["post-65419","post","type-post","status-publish","format-standard","has-post-thumbnail","hentry","category-noticiasdestaque","category-policial"],"_links":{"self":[{"href":"https:\/\/jorgezanoni.com.br\/2019\/wp-json\/wp\/v2\/posts\/65419","targetHints":{"allow":["GET"]}}],"collection":[{"href":"https:\/\/jorgezanoni.com.br\/2019\/wp-json\/wp\/v2\/posts"}],"about":[{"href":"https:\/\/jorgezanoni.com.br\/2019\/wp-json\/wp\/v2\/types\/post"}],"author":[{"embeddable":true,"href":"https:\/\/jorgezanoni.com.br\/2019\/wp-json\/wp\/v2\/users\/1"}],"replies":[{"embeddable":true,"href":"https:\/\/jorgezanoni.com.br\/2019\/wp-json\/wp\/v2\/comments?post=65419"}],"version-history":[{"count":0,"href":"https:\/\/jorgezanoni.com.br\/2019\/wp-json\/wp\/v2\/posts\/65419\/revisions"}],"wp:featuredmedia":[{"embeddable":true,"href":"https:\/\/jorgezanoni.com.br\/2019\/wp-json\/wp\/v2\/media\/65422"}],"wp:attachment":[{"href":"https:\/\/jorgezanoni.com.br\/2019\/wp-json\/wp\/v2\/media?parent=65419"}],"wp:term":[{"taxonomy":"category","embeddable":true,"href":"https:\/\/jorgezanoni.com.br\/2019\/wp-json\/wp\/v2\/categories?post=65419"},{"taxonomy":"post_tag","embeddable":true,"href":"https:\/\/jorgezanoni.com.br\/2019\/wp-json\/wp\/v2\/tags?post=65419"}],"curies":[{"name":"wp","href":"https:\/\/api.w.org\/{rel}","templated":true}]}}