{"id":65412,"date":"2022-06-21T23:11:27","date_gmt":"2022-06-21T23:11:27","guid":{"rendered":"https:\/\/jorgezanoni.com.br\/2019\/?p=65412"},"modified":"2022-06-21T23:11:27","modified_gmt":"2022-06-21T23:11:27","slug":"policia-civil-realiza-palestra-sobre-prevencao-ao-uso-de-drogas-para-jovens-aprendizes-em-dracena","status":"publish","type":"post","link":"https:\/\/jorgezanoni.com.br\/2019\/policia-civil-realiza-palestra-sobre-prevencao-ao-uso-de-drogas-para-jovens-aprendizes-em-dracena\/","title":{"rendered":"Pol\u00edcia Civil realiza Palestra sobre preven\u00e7\u00e3o ao uso de Drogas para jovens aprendizes em Dracena"},"content":{"rendered":"<p style=\"text-align: justify;\">Jovens Aprendizes da Institui\u00e7\u00e3o Novo Amanhecer &#8211; INA, receberam as orienta\u00e7\u00f5es sobre o tema. O evento integra as comemora\u00e7\u00f5es da Semana Nacional de Pol\u00edticas Sobre Drogas, que anualmente acontece no per\u00edodo de 19 a 26 junho, sendo que no dia 26 \u00e9 celebrado Dia Internacional Contra o Abuso e o Tr\u00e1fico Il\u00edcito de Drogas<\/p>\n<p style=\"text-align: justify;\">A Pol\u00edcia Civil, por interm\u00e9dio da Delegacia Seccional de Pol\u00edcia de Dracena, realizou nesta quarta-feira (22), palestra sobre preven\u00e7\u00e3o ao uso de drogas, no Audit\u00f3rio da Institui\u00e7\u00e3o Novo Amanhecer \u201cGuiomar C. A. da Silva\u201d &#8211; INA, para cerca de 50 jovens aprendizes, com idade de 18 a 24 anos. A a\u00e7\u00e3o de orienta\u00e7\u00e3o e conscientiza\u00e7\u00e3o foi em alus\u00e3o ao \u201cDia Internacional de Combate as Drogas\u201d, que \u00e9 comemorado anualmente no dia 26 de junho.<\/p>\n<p>A abordagem sobre o tema ficou a cargo do agente policial Reginaldo Rosa, ex-aluno da institui\u00e7\u00e3o de ensino profissionalizante, o qual explanou sobre os impactos e preju\u00edzos que as drogas, l\u00edcitas ou il\u00edcitas podem provocar na vida das pessoas, principalmente de adolescentes e jovens, que est\u00e3o em busca da coloca\u00e7\u00e3o na atividade profissional.<\/p>\n<p style=\"text-align: justify;\">O pedido para realiza\u00e7\u00e3o do encontro foi idealizado pela Assistente Social Francine Santos, que relatou sobre import\u00e2ncia da discuss\u00e3o a respeito da tem\u00e1tica, na orienta\u00e7\u00e3o dos alunos visando sua forma\u00e7\u00e3o cidad\u00e3 e profissional.<\/p>\n<p style=\"text-align: justify;\">A Institui\u00e7\u00e3o Novo Amanhecer \u201cGuiomar C. A. da Silva\u201d &#8211; INA, \u00e9 uma organiza\u00e7\u00e3o n\u00e3o governamental, sem fins lucrativos, que atende crian\u00e7as e adolescentes na faixa et\u00e1ria de 13 a 24 anos, provenientes de fam\u00edlias de baixa renda, em vulnerabilidade social matriculados na rede p\u00fablica de ensino.<\/p>\n<p style=\"text-align: justify;\">Ao final da palestra, os aprendizes puderam sanar d\u00favidas relacionadas ao conte\u00fado apresentado. A coordena\u00e7\u00e3o da institui\u00e7\u00e3o profissionalizante agradeceu a participa\u00e7\u00e3o e parceria com a Pol\u00edcia Civil, no evento em comemora\u00e7\u00e3o ao \u201cDia Internacional Contra o Abuso e o Tr\u00e1fico Il\u00edcito de Drogas\u201d, que \u00e9 comemorado no dia 26 de junho, de cada ano.<\/p>\n<p style=\"text-align: justify;\">A palestra contou ainda as presen\u00e7as do presidente do Comad, Dr. Ot\u00e1vio de Marchi; do chefe de instru\u00e7\u00e3o do Tiro De Guerra, sargento Thiago Cesar Marques de Carvalho; e da conselheira tutelar Larissa Caroline do Nascimento Celestino.<\/p>\n<p><img loading=\"lazy\" decoding=\"async\" class=\"alignnone size-full wp-image-65414\" src=\"https:\/\/jorgezanoni.com.br\/2019\/wp-content\/uploads\/2022\/06\/jov1.jpg\" alt=\"\" width=\"1280\" height=\"960\" srcset=\"https:\/\/jorgezanoni.com.br\/2019\/wp-content\/uploads\/2022\/06\/jov1.jpg 1280w, https:\/\/jorgezanoni.com.br\/2019\/wp-content\/uploads\/2022\/06\/jov1-300x225.jpg 300w, https:\/\/jorgezanoni.com.br\/2019\/wp-content\/uploads\/2022\/06\/jov1-1024x768.jpg 1024w, https:\/\/jorgezanoni.com.br\/2019\/wp-content\/uploads\/2022\/06\/jov1-768x576.jpg 768w, https:\/\/jorgezanoni.com.br\/2019\/wp-content\/uploads\/2022\/06\/jov1-80x60.jpg 80w, https:\/\/jorgezanoni.com.br\/2019\/wp-content\/uploads\/2022\/06\/jov1-265x198.jpg 265w, https:\/\/jorgezanoni.com.br\/2019\/wp-content\/uploads\/2022\/06\/jov1-696x522.jpg 696w, https:\/\/jorgezanoni.com.br\/2019\/wp-content\/uploads\/2022\/06\/jov1-1068x801.jpg 1068w, https:\/\/jorgezanoni.com.br\/2019\/wp-content\/uploads\/2022\/06\/jov1-560x420.jpg 560w\" sizes=\"auto, (max-width: 1280px) 100vw, 1280px\" \/> <img loading=\"lazy\" decoding=\"async\" class=\"alignnone size-full wp-image-65415\" src=\"https:\/\/jorgezanoni.com.br\/2019\/wp-content\/uploads\/2022\/06\/jov2.jpg\" alt=\"\" width=\"960\" height=\"1280\" srcset=\"https:\/\/jorgezanoni.com.br\/2019\/wp-content\/uploads\/2022\/06\/jov2.jpg 960w, https:\/\/jorgezanoni.com.br\/2019\/wp-content\/uploads\/2022\/06\/jov2-225x300.jpg 225w, https:\/\/jorgezanoni.com.br\/2019\/wp-content\/uploads\/2022\/06\/jov2-768x1024.jpg 768w, https:\/\/jorgezanoni.com.br\/2019\/wp-content\/uploads\/2022\/06\/jov2-696x928.jpg 696w, https:\/\/jorgezanoni.com.br\/2019\/wp-content\/uploads\/2022\/06\/jov2-315x420.jpg 315w\" sizes=\"auto, (max-width: 960px) 100vw, 960px\" \/> <img loading=\"lazy\" decoding=\"async\" class=\"alignnone size-full wp-image-65416\" src=\"https:\/\/jorgezanoni.com.br\/2019\/wp-content\/uploads\/2022\/06\/jov3.jpg\" alt=\"\" width=\"1280\" height=\"606\" srcset=\"https:\/\/jorgezanoni.com.br\/2019\/wp-content\/uploads\/2022\/06\/jov3.jpg 1280w, https:\/\/jorgezanoni.com.br\/2019\/wp-content\/uploads\/2022\/06\/jov3-300x142.jpg 300w, https:\/\/jorgezanoni.com.br\/2019\/wp-content\/uploads\/2022\/06\/jov3-1024x485.jpg 1024w, https:\/\/jorgezanoni.com.br\/2019\/wp-content\/uploads\/2022\/06\/jov3-768x364.jpg 768w, https:\/\/jorgezanoni.com.br\/2019\/wp-content\/uploads\/2022\/06\/jov3-696x330.jpg 696w, https:\/\/jorgezanoni.com.br\/2019\/wp-content\/uploads\/2022\/06\/jov3-1068x506.jpg 1068w, https:\/\/jorgezanoni.com.br\/2019\/wp-content\/uploads\/2022\/06\/jov3-887x420.jpg 887w\" sizes=\"auto, (max-width: 1280px) 100vw, 1280px\" \/> <img loading=\"lazy\" decoding=\"async\" class=\"alignnone size-full wp-image-65417\" src=\"https:\/\/jorgezanoni.com.br\/2019\/wp-content\/uploads\/2022\/06\/jov4.jpg\" alt=\"\" width=\"1280\" height=\"672\" srcset=\"https:\/\/jorgezanoni.com.br\/2019\/wp-content\/uploads\/2022\/06\/jov4.jpg 1280w, https:\/\/jorgezanoni.com.br\/2019\/wp-content\/uploads\/2022\/06\/jov4-300x158.jpg 300w, https:\/\/jorgezanoni.com.br\/2019\/wp-content\/uploads\/2022\/06\/jov4-1024x538.jpg 1024w, https:\/\/jorgezanoni.com.br\/2019\/wp-content\/uploads\/2022\/06\/jov4-768x403.jpg 768w, https:\/\/jorgezanoni.com.br\/2019\/wp-content\/uploads\/2022\/06\/jov4-696x365.jpg 696w, https:\/\/jorgezanoni.com.br\/2019\/wp-content\/uploads\/2022\/06\/jov4-1068x561.jpg 1068w, https:\/\/jorgezanoni.com.br\/2019\/wp-content\/uploads\/2022\/06\/jov4-800x420.jpg 800w\" sizes=\"auto, (max-width: 1280px) 100vw, 1280px\" \/>Fonte: Com. Social Pol\u00edcia Civil<\/p>\n","protected":false},"excerpt":{"rendered":"<p>Jovens Aprendizes da Institui\u00e7\u00e3o Novo Amanhecer &#8211; INA, receberam as orienta\u00e7\u00f5es sobre o tema. O evento integra as comemora\u00e7\u00f5es da Semana Nacional de Pol\u00edticas Sobre Drogas, que anualmente acontece no per\u00edodo de 19 a 26 junho, sendo que no dia 26 \u00e9 celebrado Dia Internacional Contra o Abuso e o Tr\u00e1fico Il\u00edcito de Drogas A [&hellip;]<\/p>\n","protected":false},"author":1,"featured_media":65413,"comment_status":"closed","ping_status":"open","sticky":false,"template":"","format":"standard","meta":{"footnotes":""},"categories":[110,2],"tags":[],"class_list":["post-65412","post","type-post","status-publish","format-standard","has-post-thumbnail","hentry","category-noticiasdestaque","category-policial"],"_links":{"self":[{"href":"https:\/\/jorgezanoni.com.br\/2019\/wp-json\/wp\/v2\/posts\/65412","targetHints":{"allow":["GET"]}}],"collection":[{"href":"https:\/\/jorgezanoni.com.br\/2019\/wp-json\/wp\/v2\/posts"}],"about":[{"href":"https:\/\/jorgezanoni.com.br\/2019\/wp-json\/wp\/v2\/types\/post"}],"author":[{"embeddable":true,"href":"https:\/\/jorgezanoni.com.br\/2019\/wp-json\/wp\/v2\/users\/1"}],"replies":[{"embeddable":true,"href":"https:\/\/jorgezanoni.com.br\/2019\/wp-json\/wp\/v2\/comments?post=65412"}],"version-history":[{"count":0,"href":"https:\/\/jorgezanoni.com.br\/2019\/wp-json\/wp\/v2\/posts\/65412\/revisions"}],"wp:featuredmedia":[{"embeddable":true,"href":"https:\/\/jorgezanoni.com.br\/2019\/wp-json\/wp\/v2\/media\/65413"}],"wp:attachment":[{"href":"https:\/\/jorgezanoni.com.br\/2019\/wp-json\/wp\/v2\/media?parent=65412"}],"wp:term":[{"taxonomy":"category","embeddable":true,"href":"https:\/\/jorgezanoni.com.br\/2019\/wp-json\/wp\/v2\/categories?post=65412"},{"taxonomy":"post_tag","embeddable":true,"href":"https:\/\/jorgezanoni.com.br\/2019\/wp-json\/wp\/v2\/tags?post=65412"}],"curies":[{"name":"wp","href":"https:\/\/api.w.org\/{rel}","templated":true}]}}