{"id":65404,"date":"2022-06-21T23:00:29","date_gmt":"2022-06-21T23:00:29","guid":{"rendered":"https:\/\/jorgezanoni.com.br\/2019\/?p=65404"},"modified":"2022-06-21T23:00:29","modified_gmt":"2022-06-21T23:00:29","slug":"policia-civil-e-comad-realizam-palestra-para-professores-da-rede-municipal-de-ensino-de-dracena","status":"publish","type":"post","link":"https:\/\/jorgezanoni.com.br\/2019\/policia-civil-e-comad-realizam-palestra-para-professores-da-rede-municipal-de-ensino-de-dracena\/","title":{"rendered":"Pol\u00edcia Civil e COMAD realizam Palestra para Professores da rede municipal de ensino de Dracena"},"content":{"rendered":"<p style=\"text-align: justify;\">O evento fez parte da abertura da \u201cIV Semana Municipal Antidrogas de Dracena\u201d, que acontece dentro contexto da Semana Nacional de Pol\u00edticas Sobre Drogas, que \u00e9 comemorada anualmente, no per\u00edodo de 19 a 26 de junho, em todo territ\u00f3rio brasileiro.<\/p>\n<p style=\"text-align: justify;\">A Pol\u00edcia Civil, por interm\u00e9dio da Delegacia Seccional de Pol\u00edcia de Dracena, em parceria com o Conselho Municipal Antidrogas de Dracena &#8211; COMAD, realizou nesta segunda-feira (20), nas depend\u00eancias do audit\u00f3rio da Faculdade Reges, uma palestra sobre preven\u00e7\u00e3o ao uso nocivo de drogas, especialmente preparada para professores e coordenadores da rede municipal ensino de Dracena.<\/p>\n<p style=\"text-align: justify;\">A a\u00e7\u00e3o ocorreu durante a reuni\u00e3o de trabalho do HTPC (Hora de Trabalho Pedag\u00f3gico Coletivo) e contou com a participa\u00e7\u00e3o de mais 500 dos docentes.<\/p>\n<p style=\"text-align: justify;\">A palestra foi ministra pelo agente policial Reginaldo Rosa, que abordou sobre a quest\u00e3o das drogas e as consequ\u00eancias da drogadi\u00e7\u00e3o. O objetivo do encontro com os docentes da rede municipal, e que contou com o apoio da Prefeitura Municipal de Dracena, por meio da Secretaria de Educa\u00e7\u00e3o e da Secretaria de Sa\u00fade e Higiene P\u00fablica, foi levar conhecimento e capacita\u00e7\u00e3o aos profissionais da \u00e1rea educa\u00e7\u00e3o sobre o tema drogadi\u00e7\u00e3o, tornando-os agentes multiplicadores de a\u00e7\u00f5es preventivas, diante da import\u00e2ncia que \u00e9 o ambiente escolar na prote\u00e7\u00e3o das crian\u00e7as e adolescentes.<\/p>\n<p style=\"text-align: justify;\">O evento, em alus\u00e3o a abertura da \u201cIV Semana Municipal Antidrogas de Dracena\u201d, foi promovido pelo Conselho Municipal Antidrogas de Dracena, com apoio da Pol\u00edcia Civil e da Prefeitura Municipal de Dracena. A a\u00e7\u00e3o prevencionista, tamb\u00e9m, integra a comemora\u00e7\u00e3o, da Semana Nacional de Pol\u00edticas Sobre Drogas, que foi institu\u00edda pela Lei 13.840, de 5 de junho de 2019, que finalizado no dia 26 de junho, quando \u00e9 celebrado o Dia Internacional Contra o Abuso e o Tr\u00e1fico Il\u00edcito de Drogas.<\/p>\n<p style=\"text-align: justify;\">Estiveram presentes na solenidade de abertura o presidente do Comad Dr. Ot\u00e1vio de Marchi, o presidente da C\u00e2mara de Vereadores Claudinei Millan Pessoa, o Delegado de Pol\u00edcia da DISE Dr. Alessandro Neves Baroni, al\u00e9m outras autoridades do munic\u00edpio.<\/p>\n<p><img loading=\"lazy\" decoding=\"async\" class=\"alignnone size-full wp-image-65406\" src=\"https:\/\/jorgezanoni.com.br\/2019\/wp-content\/uploads\/2022\/06\/civil1-1.jpg\" alt=\"\" width=\"1280\" height=\"576\" srcset=\"https:\/\/jorgezanoni.com.br\/2019\/wp-content\/uploads\/2022\/06\/civil1-1.jpg 1280w, https:\/\/jorgezanoni.com.br\/2019\/wp-content\/uploads\/2022\/06\/civil1-1-300x135.jpg 300w, https:\/\/jorgezanoni.com.br\/2019\/wp-content\/uploads\/2022\/06\/civil1-1-1024x461.jpg 1024w, https:\/\/jorgezanoni.com.br\/2019\/wp-content\/uploads\/2022\/06\/civil1-1-768x346.jpg 768w, https:\/\/jorgezanoni.com.br\/2019\/wp-content\/uploads\/2022\/06\/civil1-1-696x313.jpg 696w, https:\/\/jorgezanoni.com.br\/2019\/wp-content\/uploads\/2022\/06\/civil1-1-1068x481.jpg 1068w, https:\/\/jorgezanoni.com.br\/2019\/wp-content\/uploads\/2022\/06\/civil1-1-933x420.jpg 933w\" sizes=\"auto, (max-width: 1280px) 100vw, 1280px\" \/> <img loading=\"lazy\" decoding=\"async\" class=\"alignnone size-full wp-image-65407\" src=\"https:\/\/jorgezanoni.com.br\/2019\/wp-content\/uploads\/2022\/06\/civil2-1.jpg\" alt=\"\" width=\"1280\" height=\"576\" srcset=\"https:\/\/jorgezanoni.com.br\/2019\/wp-content\/uploads\/2022\/06\/civil2-1.jpg 1280w, https:\/\/jorgezanoni.com.br\/2019\/wp-content\/uploads\/2022\/06\/civil2-1-300x135.jpg 300w, https:\/\/jorgezanoni.com.br\/2019\/wp-content\/uploads\/2022\/06\/civil2-1-1024x461.jpg 1024w, https:\/\/jorgezanoni.com.br\/2019\/wp-content\/uploads\/2022\/06\/civil2-1-768x346.jpg 768w, https:\/\/jorgezanoni.com.br\/2019\/wp-content\/uploads\/2022\/06\/civil2-1-696x313.jpg 696w, https:\/\/jorgezanoni.com.br\/2019\/wp-content\/uploads\/2022\/06\/civil2-1-1068x481.jpg 1068w, https:\/\/jorgezanoni.com.br\/2019\/wp-content\/uploads\/2022\/06\/civil2-1-933x420.jpg 933w\" sizes=\"auto, (max-width: 1280px) 100vw, 1280px\" \/> <img loading=\"lazy\" decoding=\"async\" class=\"alignnone size-full wp-image-65408\" src=\"https:\/\/jorgezanoni.com.br\/2019\/wp-content\/uploads\/2022\/06\/civil3.jpg\" alt=\"\" width=\"1280\" height=\"576\" srcset=\"https:\/\/jorgezanoni.com.br\/2019\/wp-content\/uploads\/2022\/06\/civil3.jpg 1280w, https:\/\/jorgezanoni.com.br\/2019\/wp-content\/uploads\/2022\/06\/civil3-300x135.jpg 300w, https:\/\/jorgezanoni.com.br\/2019\/wp-content\/uploads\/2022\/06\/civil3-1024x461.jpg 1024w, https:\/\/jorgezanoni.com.br\/2019\/wp-content\/uploads\/2022\/06\/civil3-768x346.jpg 768w, https:\/\/jorgezanoni.com.br\/2019\/wp-content\/uploads\/2022\/06\/civil3-696x313.jpg 696w, https:\/\/jorgezanoni.com.br\/2019\/wp-content\/uploads\/2022\/06\/civil3-1068x481.jpg 1068w, https:\/\/jorgezanoni.com.br\/2019\/wp-content\/uploads\/2022\/06\/civil3-933x420.jpg 933w\" sizes=\"auto, (max-width: 1280px) 100vw, 1280px\" \/><img loading=\"lazy\" decoding=\"async\" class=\"alignnone size-full wp-image-65409\" src=\"https:\/\/jorgezanoni.com.br\/2019\/wp-content\/uploads\/2022\/06\/civil4.jpg\" alt=\"\" width=\"1280\" height=\"576\" srcset=\"https:\/\/jorgezanoni.com.br\/2019\/wp-content\/uploads\/2022\/06\/civil4.jpg 1280w, https:\/\/jorgezanoni.com.br\/2019\/wp-content\/uploads\/2022\/06\/civil4-300x135.jpg 300w, https:\/\/jorgezanoni.com.br\/2019\/wp-content\/uploads\/2022\/06\/civil4-1024x461.jpg 1024w, https:\/\/jorgezanoni.com.br\/2019\/wp-content\/uploads\/2022\/06\/civil4-768x346.jpg 768w, https:\/\/jorgezanoni.com.br\/2019\/wp-content\/uploads\/2022\/06\/civil4-696x313.jpg 696w, https:\/\/jorgezanoni.com.br\/2019\/wp-content\/uploads\/2022\/06\/civil4-1068x481.jpg 1068w, https:\/\/jorgezanoni.com.br\/2019\/wp-content\/uploads\/2022\/06\/civil4-933x420.jpg 933w\" sizes=\"auto, (max-width: 1280px) 100vw, 1280px\" \/><img loading=\"lazy\" decoding=\"async\" class=\"alignnone size-full wp-image-65409\" src=\"https:\/\/jorgezanoni.com.br\/2019\/wp-content\/uploads\/2022\/06\/civil4.jpg\" alt=\"\" width=\"1280\" height=\"576\" srcset=\"https:\/\/jorgezanoni.com.br\/2019\/wp-content\/uploads\/2022\/06\/civil4.jpg 1280w, https:\/\/jorgezanoni.com.br\/2019\/wp-content\/uploads\/2022\/06\/civil4-300x135.jpg 300w, https:\/\/jorgezanoni.com.br\/2019\/wp-content\/uploads\/2022\/06\/civil4-1024x461.jpg 1024w, https:\/\/jorgezanoni.com.br\/2019\/wp-content\/uploads\/2022\/06\/civil4-768x346.jpg 768w, https:\/\/jorgezanoni.com.br\/2019\/wp-content\/uploads\/2022\/06\/civil4-696x313.jpg 696w, https:\/\/jorgezanoni.com.br\/2019\/wp-content\/uploads\/2022\/06\/civil4-1068x481.jpg 1068w, https:\/\/jorgezanoni.com.br\/2019\/wp-content\/uploads\/2022\/06\/civil4-933x420.jpg 933w\" sizes=\"auto, (max-width: 1280px) 100vw, 1280px\" \/>Fonte: Com. Social Pol\u00edcia Civil<\/p>\n","protected":false},"excerpt":{"rendered":"<p>O evento fez parte da abertura da \u201cIV Semana Municipal Antidrogas de Dracena\u201d, que acontece dentro contexto da Semana Nacional de Pol\u00edticas Sobre Drogas, que \u00e9 comemorada anualmente, no per\u00edodo de 19 a 26 de junho, em todo territ\u00f3rio brasileiro. A Pol\u00edcia Civil, por interm\u00e9dio da Delegacia Seccional de Pol\u00edcia de Dracena, em parceria com [&hellip;]<\/p>\n","protected":false},"author":1,"featured_media":65405,"comment_status":"closed","ping_status":"open","sticky":false,"template":"","format":"standard","meta":{"footnotes":""},"categories":[110,2],"tags":[],"class_list":["post-65404","post","type-post","status-publish","format-standard","has-post-thumbnail","hentry","category-noticiasdestaque","category-policial"],"_links":{"self":[{"href":"https:\/\/jorgezanoni.com.br\/2019\/wp-json\/wp\/v2\/posts\/65404","targetHints":{"allow":["GET"]}}],"collection":[{"href":"https:\/\/jorgezanoni.com.br\/2019\/wp-json\/wp\/v2\/posts"}],"about":[{"href":"https:\/\/jorgezanoni.com.br\/2019\/wp-json\/wp\/v2\/types\/post"}],"author":[{"embeddable":true,"href":"https:\/\/jorgezanoni.com.br\/2019\/wp-json\/wp\/v2\/users\/1"}],"replies":[{"embeddable":true,"href":"https:\/\/jorgezanoni.com.br\/2019\/wp-json\/wp\/v2\/comments?post=65404"}],"version-history":[{"count":0,"href":"https:\/\/jorgezanoni.com.br\/2019\/wp-json\/wp\/v2\/posts\/65404\/revisions"}],"wp:featuredmedia":[{"embeddable":true,"href":"https:\/\/jorgezanoni.com.br\/2019\/wp-json\/wp\/v2\/media\/65405"}],"wp:attachment":[{"href":"https:\/\/jorgezanoni.com.br\/2019\/wp-json\/wp\/v2\/media?parent=65404"}],"wp:term":[{"taxonomy":"category","embeddable":true,"href":"https:\/\/jorgezanoni.com.br\/2019\/wp-json\/wp\/v2\/categories?post=65404"},{"taxonomy":"post_tag","embeddable":true,"href":"https:\/\/jorgezanoni.com.br\/2019\/wp-json\/wp\/v2\/tags?post=65404"}],"curies":[{"name":"wp","href":"https:\/\/api.w.org\/{rel}","templated":true}]}}