{"id":65380,"date":"2022-06-20T21:13:39","date_gmt":"2022-06-20T21:13:39","guid":{"rendered":"https:\/\/jorgezanoni.com.br\/2019\/?p=65380"},"modified":"2022-06-20T21:13:39","modified_gmt":"2022-06-20T21:13:39","slug":"morre-mulher-vitima-grave-de-acidente-que-deixou-sete-feridos-proximo-ao-trevo-de-ouro-verde","status":"publish","type":"post","link":"https:\/\/jorgezanoni.com.br\/2019\/morre-mulher-vitima-grave-de-acidente-que-deixou-sete-feridos-proximo-ao-trevo-de-ouro-verde\/","title":{"rendered":"Morre mulher v\u00edtima grave de acidente que deixou sete feridos pr\u00f3ximo ao Trevo de Ouro Verde"},"content":{"rendered":"<p style=\"text-align: justify;\"><strong>Comunicamos com pesar o falecimento de Camila Batista dos Santos Mariano de 33 anos, moradora do S\u00edtio Jo\u00e3o Peres no Bairro Moriama, munic\u00edpio de Monte Castelo. <\/strong><\/p>\n<p style=\"text-align: justify;\">Ela era a v\u00edtima grave do acidente registrado pr\u00f3ximo ao trevo de Ouro Verde por volta de 21:30 H. de sexta-feira (18).<\/p>\n<p style=\"text-align: justify;\">Deixa pais, esposo, filhas, demais parentes e amigos.<\/p>\n<p><img loading=\"lazy\" decoding=\"async\" class=\"alignnone size-full wp-image-65381\" src=\"https:\/\/jorgezanoni.com.br\/2019\/wp-content\/uploads\/2022\/06\/Camila.jpg\" alt=\"\" width=\"1280\" height=\"1280\" srcset=\"https:\/\/jorgezanoni.com.br\/2019\/wp-content\/uploads\/2022\/06\/Camila.jpg 1280w, https:\/\/jorgezanoni.com.br\/2019\/wp-content\/uploads\/2022\/06\/Camila-300x300.jpg 300w, https:\/\/jorgezanoni.com.br\/2019\/wp-content\/uploads\/2022\/06\/Camila-1024x1024.jpg 1024w, https:\/\/jorgezanoni.com.br\/2019\/wp-content\/uploads\/2022\/06\/Camila-150x150.jpg 150w, https:\/\/jorgezanoni.com.br\/2019\/wp-content\/uploads\/2022\/06\/Camila-768x768.jpg 768w, https:\/\/jorgezanoni.com.br\/2019\/wp-content\/uploads\/2022\/06\/Camila-696x696.jpg 696w, https:\/\/jorgezanoni.com.br\/2019\/wp-content\/uploads\/2022\/06\/Camila-1068x1068.jpg 1068w, https:\/\/jorgezanoni.com.br\/2019\/wp-content\/uploads\/2022\/06\/Camila-420x420.jpg 420w\" sizes=\"auto, (max-width: 1280px) 100vw, 1280px\" \/>Fonte: Mutu\u00e1ria Dracenense<\/p>\n<p style=\"text-align: justify;\"><strong>O ACIDENTE:<\/strong><\/p>\n<h1 class=\"entry-title\" style=\"text-align: justify;\">Acidente grave deixa 7 pessoas feridas na SP-563 pr\u00f3ximo ao trevo de Ouro Verde<\/h1>\n<div class=\"td-post-featured-image\" style=\"text-align: justify;\"><a class=\"td-modal-image\" href=\"https:\/\/jorgezanoni.com.br\/2019\/wp-content\/uploads\/2022\/06\/O.V-2.jpg\" data-caption=\"\"><img loading=\"lazy\" decoding=\"async\" class=\"entry-thumb td-animation-stack-type0-2\" title=\"O.V (2)\" src=\"https:\/\/jorgezanoni.com.br\/2019\/wp-content\/uploads\/2022\/06\/O.V-2-696x525.jpg\" sizes=\"auto, (max-width: 696px) 100vw, 696px\" srcset=\"https:\/\/jorgezanoni.com.br\/2019\/wp-content\/uploads\/2022\/06\/O.V-2-696x525.jpg 696w, https:\/\/jorgezanoni.com.br\/2019\/wp-content\/uploads\/2022\/06\/O.V-2-300x226.jpg 300w, https:\/\/jorgezanoni.com.br\/2019\/wp-content\/uploads\/2022\/06\/O.V-2-80x60.jpg 80w, https:\/\/jorgezanoni.com.br\/2019\/wp-content\/uploads\/2022\/06\/O.V-2-557x420.jpg 557w, https:\/\/jorgezanoni.com.br\/2019\/wp-content\/uploads\/2022\/06\/O.V-2.jpg 700w\" alt=\"\" width=\"696\" height=\"525\" \/><\/a><\/div>\n<p style=\"text-align: justify;\"><strong>Os feridos s\u00e3o moradores de Monte Castelo e Ouro Verde, 6 v\u00edtimas leves e 1 graves.<\/strong><\/p>\n<p style=\"text-align: justify;\">Por volta de 21:40 horas desta sexta-feira (17), foi registrado um acidente grave na Rodovia General Euclides de Oliveira Figueiredo, SP-563, trecho nas proximidades do Trevo de Ouro Verde, munic\u00edpio de Dracena.<\/p>\n<p style=\"text-align: justify;\">Segundo as primeiras informa\u00e7\u00f5es obtidas pelo reportagem do Site JZ, bateram frontalmente um ve\u00edculo Fiesta placas de Ouro Verde e um Gol de Monte Castelo. Chovia forte no momento da batida.<\/p>\n<p style=\"text-align: justify;\">As v\u00edtimas foram socorridas ao Pronto Atendimento Municipal de Dracena por Unidades de Resgate do Corpo de Bombeiro<\/p>\n<p style=\"text-align: justify;\">As Pol\u00edcias Militar, Rodovi\u00e1ria e T\u00e9cnica se encontram no local.<\/p>\n<p style=\"text-align: justify;\"><img loading=\"lazy\" decoding=\"async\" class=\"alignnone size-full wp-image-65167 td-animation-stack-type0-2\" src=\"https:\/\/jorgezanoni.com.br\/2019\/wp-content\/uploads\/2022\/06\/O.V.1-2.jpg\" sizes=\"auto, (max-width: 700px) 100vw, 700px\" srcset=\"https:\/\/jorgezanoni.com.br\/2019\/wp-content\/uploads\/2022\/06\/O.V.1-2.jpg 700w, https:\/\/jorgezanoni.com.br\/2019\/wp-content\/uploads\/2022\/06\/O.V.1-2-300x263.jpg 300w, https:\/\/jorgezanoni.com.br\/2019\/wp-content\/uploads\/2022\/06\/O.V.1-2-696x609.jpg 696w, https:\/\/jorgezanoni.com.br\/2019\/wp-content\/uploads\/2022\/06\/O.V.1-2-480x420.jpg 480w\" alt=\"\" width=\"700\" height=\"613\" \/><\/p>\n<p style=\"text-align: justify;\">Jorge Zanoni<\/p>\n<p style=\"text-align: justify;\">Fotos de Internauta<\/p>\n<p style=\"text-align: justify;\"><strong>Pol\u00edcia Militar Rodovi\u00e1ria realiza atendimento de sinistro de tr\u00e2nsito com 06 v\u00edtimas leves e 01 grave<\/strong><\/p>\n<p style=\"text-align: justify;\">Data\/Hora: 17JUN22, 21h40min.<\/p>\n<p style=\"text-align: justify;\">Local: Dracena\/SP \u2013 SP 563 \u2013 Rodovia General Euclides de Oliveira Figueiredo, km 128,000.<\/p>\n<p style=\"text-align: justify;\">HIST\u00d3RICO:<br \/>\nNo decorrer da opera\u00e7\u00e3o Corpus Christi, equipes do policiamento rodovi\u00e1rio foram acionadas para atendimento de sinistro de tr\u00e2nsito com diversas v\u00edtimas. No local foi constatado uma colis\u00e3o frontal, envolvendo o Vw\/Gol, placas de Presidente Venceslau\/SP, que transitava no sentido Presidente Venceslau\/SP a Tupi Paulista\/SP e o Ford\/Fiesta, com placas de Ouro Verde\/SP, que transitava no sentido contr\u00e1rio.<br \/>\nO ford\/fiesta, era conduzido por um homem de 50 anos, que n\u00e3o se feriu na colis\u00e3o e transportava 03 passageiros, sendo uma mulher de 37 anos, uma adolescente de 12 anos e uma menina de 08 anos, todos da mesma fam\u00edlia e moradores em Ouro Verde\/SP, sendo socorridos at\u00e9 o Pronto Socorro de Dracena em estado leve, pela unidade de resgate dos bombeiros.<br \/>\nJ\u00e1 o Vw\/Gol, era conduzido por uma mulher de 33 anos, que se feriu gravemente e transportava 03 passageiros, sendo um homem tamb\u00e9m de 33 anos e duas meninas, sendo uma de 07 e outra de 09 anos de idade, todos da mesma fam\u00edlia e moradores em uma propriedade rural no munic\u00edpio de Monte Castelo\/SP, sendo socorridos at\u00e9 o Pronto Socorro de Dracena em estado leve, pela unidade de resgate dos bombeiros.<br \/>\nCabe ressaltar que apenas a condutora do Vw\/gol se feriu gravemente, sendo os demais ocupantes de ambos os ve\u00edculos, apenas ferimentos leves. J\u00e1 o condutor do Ford\/Fiesta n\u00e3o se feriu.<br \/>\nChovia no momento do acidente e a pista encontrava-se molhada.<br \/>\nEquipes do DER apoiou na sinaliza\u00e7\u00e3o. Pol\u00edcia cient\u00edfica realizou a per\u00edcia do local e o tr\u00e2nsito fluiu normalmente.<\/p>\n<p><img loading=\"lazy\" decoding=\"async\" class=\"alignnone size-full wp-image-65204 td-animation-stack-type0-2\" src=\"https:\/\/jorgezanoni.com.br\/2019\/wp-content\/uploads\/2022\/06\/drc.jpg\" sizes=\"auto, (max-width: 1280px) 100vw, 1280px\" srcset=\"https:\/\/jorgezanoni.com.br\/2019\/wp-content\/uploads\/2022\/06\/drc.jpg 1280w, https:\/\/jorgezanoni.com.br\/2019\/wp-content\/uploads\/2022\/06\/drc-300x225.jpg 300w, https:\/\/jorgezanoni.com.br\/2019\/wp-content\/uploads\/2022\/06\/drc-1024x768.jpg 1024w, https:\/\/jorgezanoni.com.br\/2019\/wp-content\/uploads\/2022\/06\/drc-768x576.jpg 768w, https:\/\/jorgezanoni.com.br\/2019\/wp-content\/uploads\/2022\/06\/drc-80x60.jpg 80w, https:\/\/jorgezanoni.com.br\/2019\/wp-content\/uploads\/2022\/06\/drc-265x198.jpg 265w, https:\/\/jorgezanoni.com.br\/2019\/wp-content\/uploads\/2022\/06\/drc-696x522.jpg 696w, https:\/\/jorgezanoni.com.br\/2019\/wp-content\/uploads\/2022\/06\/drc-1068x801.jpg 1068w, https:\/\/jorgezanoni.com.br\/2019\/wp-content\/uploads\/2022\/06\/drc-560x420.jpg 560w\" alt=\"\" width=\"1280\" height=\"960\" \/>\u00a0<img loading=\"lazy\" decoding=\"async\" class=\"alignnone size-full wp-image-65205 td-animation-stack-type0-2\" src=\"https:\/\/jorgezanoni.com.br\/2019\/wp-content\/uploads\/2022\/06\/drc1.jpg\" sizes=\"auto, (max-width: 1280px) 100vw, 1280px\" srcset=\"https:\/\/jorgezanoni.com.br\/2019\/wp-content\/uploads\/2022\/06\/drc1.jpg 1280w, https:\/\/jorgezanoni.com.br\/2019\/wp-content\/uploads\/2022\/06\/drc1-300x225.jpg 300w, https:\/\/jorgezanoni.com.br\/2019\/wp-content\/uploads\/2022\/06\/drc1-1024x768.jpg 1024w, https:\/\/jorgezanoni.com.br\/2019\/wp-content\/uploads\/2022\/06\/drc1-768x576.jpg 768w, https:\/\/jorgezanoni.com.br\/2019\/wp-content\/uploads\/2022\/06\/drc1-80x60.jpg 80w, https:\/\/jorgezanoni.com.br\/2019\/wp-content\/uploads\/2022\/06\/drc1-265x198.jpg 265w, https:\/\/jorgezanoni.com.br\/2019\/wp-content\/uploads\/2022\/06\/drc1-696x522.jpg 696w, https:\/\/jorgezanoni.com.br\/2019\/wp-content\/uploads\/2022\/06\/drc1-1068x801.jpg 1068w, https:\/\/jorgezanoni.com.br\/2019\/wp-content\/uploads\/2022\/06\/drc1-560x420.jpg 560w\" alt=\"\" width=\"1280\" height=\"960\" \/>Fonte: PMR<\/p>\n","protected":false},"excerpt":{"rendered":"<p>Comunicamos com pesar o falecimento de Camila Batista dos Santos Mariano de 33 anos, moradora do S\u00edtio Jo\u00e3o Peres no Bairro Moriama, munic\u00edpio de Monte Castelo. Ela era a v\u00edtima grave do acidente registrado pr\u00f3ximo ao trevo de Ouro Verde por volta de 21:30 H. de sexta-feira (18). Deixa pais, esposo, filhas, demais parentes e [&hellip;]<\/p>\n","protected":false},"author":1,"featured_media":65382,"comment_status":"closed","ping_status":"open","sticky":false,"template":"","format":"standard","meta":{"footnotes":""},"categories":[178,110],"tags":[],"class_list":["post-65380","post","type-post","status-publish","format-standard","has-post-thumbnail","hentry","category-notadefalecimento","category-noticiasdestaque"],"_links":{"self":[{"href":"https:\/\/jorgezanoni.com.br\/2019\/wp-json\/wp\/v2\/posts\/65380","targetHints":{"allow":["GET"]}}],"collection":[{"href":"https:\/\/jorgezanoni.com.br\/2019\/wp-json\/wp\/v2\/posts"}],"about":[{"href":"https:\/\/jorgezanoni.com.br\/2019\/wp-json\/wp\/v2\/types\/post"}],"author":[{"embeddable":true,"href":"https:\/\/jorgezanoni.com.br\/2019\/wp-json\/wp\/v2\/users\/1"}],"replies":[{"embeddable":true,"href":"https:\/\/jorgezanoni.com.br\/2019\/wp-json\/wp\/v2\/comments?post=65380"}],"version-history":[{"count":0,"href":"https:\/\/jorgezanoni.com.br\/2019\/wp-json\/wp\/v2\/posts\/65380\/revisions"}],"wp:featuredmedia":[{"embeddable":true,"href":"https:\/\/jorgezanoni.com.br\/2019\/wp-json\/wp\/v2\/media\/65382"}],"wp:attachment":[{"href":"https:\/\/jorgezanoni.com.br\/2019\/wp-json\/wp\/v2\/media?parent=65380"}],"wp:term":[{"taxonomy":"category","embeddable":true,"href":"https:\/\/jorgezanoni.com.br\/2019\/wp-json\/wp\/v2\/categories?post=65380"},{"taxonomy":"post_tag","embeddable":true,"href":"https:\/\/jorgezanoni.com.br\/2019\/wp-json\/wp\/v2\/tags?post=65380"}],"curies":[{"name":"wp","href":"https:\/\/api.w.org\/{rel}","templated":true}]}}