{"id":65358,"date":"2022-06-20T14:02:43","date_gmt":"2022-06-20T14:02:43","guid":{"rendered":"https:\/\/jorgezanoni.com.br\/2019\/?p=65358"},"modified":"2022-06-20T14:02:43","modified_gmt":"2022-06-20T14:02:43","slug":"prefeito-e-assessor-visitam-avahu","status":"publish","type":"post","link":"https:\/\/jorgezanoni.com.br\/2019\/prefeito-e-assessor-visitam-avahu\/","title":{"rendered":"Prefeito e assessor visitam Avahu"},"content":{"rendered":"<p style=\"text-align: justify;\">Diretores e assistidos recepcionaram o Prefeito Andr\u00e9 Lemos e o Assessor Valter Fernandes, que fizeram uma visita na AVAHU (Associa\u00e7\u00e3o de Valoriza\u00e7\u00e3o Humana). A entidade agradeceu o apoio recebido pelo munic\u00edpio.<\/p>\n<p><img loading=\"lazy\" decoding=\"async\" class=\"alignnone size-full wp-image-65361\" src=\"https:\/\/jorgezanoni.com.br\/2019\/wp-content\/uploads\/2022\/06\/avahu-1.jpg\" alt=\"\" width=\"700\" height=\"933\" srcset=\"https:\/\/jorgezanoni.com.br\/2019\/wp-content\/uploads\/2022\/06\/avahu-1.jpg 700w, https:\/\/jorgezanoni.com.br\/2019\/wp-content\/uploads\/2022\/06\/avahu-1-225x300.jpg 225w, https:\/\/jorgezanoni.com.br\/2019\/wp-content\/uploads\/2022\/06\/avahu-1-696x928.jpg 696w, https:\/\/jorgezanoni.com.br\/2019\/wp-content\/uploads\/2022\/06\/avahu-1-315x420.jpg 315w\" sizes=\"auto, (max-width: 700px) 100vw, 700px\" \/><\/p>\n<p style=\"text-align: justify;\">Jorge Zanoni<\/p>\n<p style=\"text-align: justify;\">Fotos Avahu<\/p>\n<p>&nbsp;<\/p>\n","protected":false},"excerpt":{"rendered":"<p>Diretores e assistidos recepcionaram o Prefeito Andr\u00e9 Lemos e o Assessor Valter Fernandes, que fizeram uma visita na AVAHU (Associa\u00e7\u00e3o de Valoriza\u00e7\u00e3o Humana). A entidade agradeceu o apoio recebido pelo munic\u00edpio. Jorge Zanoni Fotos Avahu &nbsp;<\/p>\n","protected":false},"author":1,"featured_media":65362,"comment_status":"closed","ping_status":"open","sticky":false,"template":"","format":"standard","meta":{"footnotes":""},"categories":[114,110],"tags":[],"class_list":["post-65358","post","type-post","status-publish","format-standard","has-post-thumbnail","hentry","category-geralecomercio","category-noticiasdestaque"],"_links":{"self":[{"href":"https:\/\/jorgezanoni.com.br\/2019\/wp-json\/wp\/v2\/posts\/65358","targetHints":{"allow":["GET"]}}],"collection":[{"href":"https:\/\/jorgezanoni.com.br\/2019\/wp-json\/wp\/v2\/posts"}],"about":[{"href":"https:\/\/jorgezanoni.com.br\/2019\/wp-json\/wp\/v2\/types\/post"}],"author":[{"embeddable":true,"href":"https:\/\/jorgezanoni.com.br\/2019\/wp-json\/wp\/v2\/users\/1"}],"replies":[{"embeddable":true,"href":"https:\/\/jorgezanoni.com.br\/2019\/wp-json\/wp\/v2\/comments?post=65358"}],"version-history":[{"count":0,"href":"https:\/\/jorgezanoni.com.br\/2019\/wp-json\/wp\/v2\/posts\/65358\/revisions"}],"wp:featuredmedia":[{"embeddable":true,"href":"https:\/\/jorgezanoni.com.br\/2019\/wp-json\/wp\/v2\/media\/65362"}],"wp:attachment":[{"href":"https:\/\/jorgezanoni.com.br\/2019\/wp-json\/wp\/v2\/media?parent=65358"}],"wp:term":[{"taxonomy":"category","embeddable":true,"href":"https:\/\/jorgezanoni.com.br\/2019\/wp-json\/wp\/v2\/categories?post=65358"},{"taxonomy":"post_tag","embeddable":true,"href":"https:\/\/jorgezanoni.com.br\/2019\/wp-json\/wp\/v2\/tags?post=65358"}],"curies":[{"name":"wp","href":"https:\/\/api.w.org\/{rel}","templated":true}]}}