{"id":65326,"date":"2022-06-19T19:11:35","date_gmt":"2022-06-19T19:11:35","guid":{"rendered":"https:\/\/jorgezanoni.com.br\/2019\/?p=65326"},"modified":"2022-06-19T19:11:35","modified_gmt":"2022-06-19T19:11:35","slug":"morre-nilson-rodrigues-da-silva-tim-esportista-dracenense","status":"publish","type":"post","link":"https:\/\/jorgezanoni.com.br\/2019\/morre-nilson-rodrigues-da-silva-tim-esportista-dracenense\/","title":{"rendered":"Morre Nilson Rodrigues da Silva (Tim) esportista dracenense"},"content":{"rendered":"<p style=\"text-align: justify;\">Comunicamos com pesar o falecimento de Nilson Rodrigues da Silva, o conhecido Tim de 56 anos, que sempre esteve envolvido nos meios esportivos de Dracena.<\/p>\n<p style=\"text-align: justify;\">Ele sofreu um AVC em rodada do campeonato de futebol m\u00e9dio Tempersul Vidrol na ch\u00e1cara Rejani, no dia 15 de maio, quando apitava uma partida de futebol da categoria master 45.<\/p>\n<div class=\"kvgmc6g5 cxmmr5t8 oygrvhab hcukyx3x c1et5uql ii04i59q\" style=\"text-align: justify;\">\n<div dir=\"auto\">Recebeu os primeiros socorros no local, teve atendimento de uma Unidade de Resgate do Corpo de Bombeiros sendo removido at\u00e9 o Pronto Atendimento Municipal de Dracena, e no mesmo dia foi levado para Hospital na cidade de Presidente Prudente, onde no in\u00edcio da tarde deste domingo (19) n\u00e3o resistiu, vindo a \u00f3bito.<\/div>\n<div dir=\"auto\"><\/div>\n<\/div>\n<div dir=\"auto\" style=\"text-align: justify;\">Tim deixa filho, irm\u00e3os, demais familiares e amigos.<\/div>\n<div dir=\"auto\" style=\"text-align: justify;\"><\/div>\n<div dir=\"auto\" style=\"text-align: justify;\">O Vel\u00f3rio ter\u00e1 in\u00edcio \u00e0s 22 H. no Memorial Vida Prev e o Sepultamento ocorre amanh\u00e3 (20), \u00e0s 16 H. no Cemit\u00e9rio Municipal.<\/div>\n<div dir=\"auto\" style=\"text-align: justify;\"><\/div>\n<div dir=\"auto\" style=\"text-align: justify;\">O Site JZ se solidariza com a fam\u00edlia e amigos neste dif\u00edcil momento.<\/div>\n<div dir=\"auto\" style=\"text-align: justify;\"><\/div>\n<div dir=\"auto\" style=\"text-align: justify;\">Jorge Zanoni<\/div>\n<div dir=\"auto\" style=\"text-align: justify;\"><\/div>\n<div dir=\"auto\"><img loading=\"lazy\" decoding=\"async\" class=\"alignnone size-full wp-image-65327\" src=\"https:\/\/jorgezanoni.com.br\/2019\/wp-content\/uploads\/2022\/06\/Tim.jpg\" alt=\"\" width=\"540\" height=\"540\" srcset=\"https:\/\/jorgezanoni.com.br\/2019\/wp-content\/uploads\/2022\/06\/Tim.jpg 540w, https:\/\/jorgezanoni.com.br\/2019\/wp-content\/uploads\/2022\/06\/Tim-300x300.jpg 300w, https:\/\/jorgezanoni.com.br\/2019\/wp-content\/uploads\/2022\/06\/Tim-150x150.jpg 150w, https:\/\/jorgezanoni.com.br\/2019\/wp-content\/uploads\/2022\/06\/Tim-420x420.jpg 420w\" sizes=\"auto, (max-width: 540px) 100vw, 540px\" \/><\/div>\n<div class=\"kvgmc6g5 cxmmr5t8 oygrvhab hcukyx3x c1et5uql ii04i59q\">\n<div dir=\"auto\"><\/div>\n<\/div>\n<div class=\"cxmmr5t8 oygrvhab hcukyx3x c1et5uql o9v6fnle ii04i59q\">\n<div dir=\"auto\"><\/div>\n<\/div>\n","protected":false},"excerpt":{"rendered":"<p>Comunicamos com pesar o falecimento de Nilson Rodrigues da Silva, o conhecido Tim de 56 anos, que sempre esteve envolvido nos meios esportivos de Dracena. Ele sofreu um AVC em rodada do campeonato de futebol m\u00e9dio Tempersul Vidrol na ch\u00e1cara Rejani, no dia 15 de maio, quando apitava uma partida de futebol da categoria master [&hellip;]<\/p>\n","protected":false},"author":1,"featured_media":65328,"comment_status":"closed","ping_status":"open","sticky":false,"template":"","format":"standard","meta":{"footnotes":""},"categories":[178,110],"tags":[],"class_list":["post-65326","post","type-post","status-publish","format-standard","has-post-thumbnail","hentry","category-notadefalecimento","category-noticiasdestaque"],"_links":{"self":[{"href":"https:\/\/jorgezanoni.com.br\/2019\/wp-json\/wp\/v2\/posts\/65326","targetHints":{"allow":["GET"]}}],"collection":[{"href":"https:\/\/jorgezanoni.com.br\/2019\/wp-json\/wp\/v2\/posts"}],"about":[{"href":"https:\/\/jorgezanoni.com.br\/2019\/wp-json\/wp\/v2\/types\/post"}],"author":[{"embeddable":true,"href":"https:\/\/jorgezanoni.com.br\/2019\/wp-json\/wp\/v2\/users\/1"}],"replies":[{"embeddable":true,"href":"https:\/\/jorgezanoni.com.br\/2019\/wp-json\/wp\/v2\/comments?post=65326"}],"version-history":[{"count":0,"href":"https:\/\/jorgezanoni.com.br\/2019\/wp-json\/wp\/v2\/posts\/65326\/revisions"}],"wp:featuredmedia":[{"embeddable":true,"href":"https:\/\/jorgezanoni.com.br\/2019\/wp-json\/wp\/v2\/media\/65328"}],"wp:attachment":[{"href":"https:\/\/jorgezanoni.com.br\/2019\/wp-json\/wp\/v2\/media?parent=65326"}],"wp:term":[{"taxonomy":"category","embeddable":true,"href":"https:\/\/jorgezanoni.com.br\/2019\/wp-json\/wp\/v2\/categories?post=65326"},{"taxonomy":"post_tag","embeddable":true,"href":"https:\/\/jorgezanoni.com.br\/2019\/wp-json\/wp\/v2\/tags?post=65326"}],"curies":[{"name":"wp","href":"https:\/\/api.w.org\/{rel}","templated":true}]}}