{"id":6521,"date":"2019-09-17T21:43:48","date_gmt":"2019-09-17T21:43:48","guid":{"rendered":"https:\/\/jorgezanoni.com.br\/2019\/?p=6521"},"modified":"2019-09-17T21:49:31","modified_gmt":"2019-09-17T21:49:31","slug":"termometro-da-praca-arthur-pagnozzi-registrou-42o-na-tarde-de-hoje","status":"publish","type":"post","link":"https:\/\/jorgezanoni.com.br\/2019\/termometro-da-praca-arthur-pagnozzi-registrou-42o-na-tarde-de-hoje\/","title":{"rendered":"Term\u00f4metro da Pra\u00e7a Arthur Pagnozzi registrou 42\u00ba na tarde de hoje"},"content":{"rendered":"<p>Na tarde desta ter\u00e7a-feira (17) exatamente \u00e0s 15 Horas, o Term\u00f4metro da Pra\u00e7a Arthur Pagnozzi registrou 42\u00ba.<\/p>\n<p>A pergunta que muitos moradores est\u00e3o fazendo \u00e9 como ser\u00e1 o Ver\u00e3o no final do ano em dezembro e janeiro, j\u00e1 que nossa cidade \u00e9 uma das que tem as maiores temperaturas da regi\u00e3o.<\/p>\n<p>Hoje foi o dia mais quente do ano registrado em Dracena.<\/p>\n<p><img loading=\"lazy\" decoding=\"async\" class=\"alignnone size-full wp-image-6526\" src=\"https:\/\/jorgezanoni.com.br\/2019\/wp-content\/uploads\/2019\/09\/IMG_8973-1.jpg\" alt=\"\" width=\"900\" height=\"1351\" srcset=\"https:\/\/jorgezanoni.com.br\/2019\/wp-content\/uploads\/2019\/09\/IMG_8973-1.jpg 900w, https:\/\/jorgezanoni.com.br\/2019\/wp-content\/uploads\/2019\/09\/IMG_8973-1-200x300.jpg 200w, https:\/\/jorgezanoni.com.br\/2019\/wp-content\/uploads\/2019\/09\/IMG_8973-1-768x1153.jpg 768w, https:\/\/jorgezanoni.com.br\/2019\/wp-content\/uploads\/2019\/09\/IMG_8973-1-682x1024.jpg 682w, https:\/\/jorgezanoni.com.br\/2019\/wp-content\/uploads\/2019\/09\/IMG_8973-1-696x1045.jpg 696w, https:\/\/jorgezanoni.com.br\/2019\/wp-content\/uploads\/2019\/09\/IMG_8973-1-280x420.jpg 280w\" sizes=\"auto, (max-width: 900px) 100vw, 900px\" \/> <img loading=\"lazy\" decoding=\"async\" class=\"alignnone size-full wp-image-6527\" src=\"https:\/\/jorgezanoni.com.br\/2019\/wp-content\/uploads\/2019\/09\/IMG_8974-1.jpg\" alt=\"\" width=\"900\" height=\"1351\" srcset=\"https:\/\/jorgezanoni.com.br\/2019\/wp-content\/uploads\/2019\/09\/IMG_8974-1.jpg 900w, https:\/\/jorgezanoni.com.br\/2019\/wp-content\/uploads\/2019\/09\/IMG_8974-1-200x300.jpg 200w, https:\/\/jorgezanoni.com.br\/2019\/wp-content\/uploads\/2019\/09\/IMG_8974-1-768x1153.jpg 768w, https:\/\/jorgezanoni.com.br\/2019\/wp-content\/uploads\/2019\/09\/IMG_8974-1-682x1024.jpg 682w, https:\/\/jorgezanoni.com.br\/2019\/wp-content\/uploads\/2019\/09\/IMG_8974-1-696x1045.jpg 696w, https:\/\/jorgezanoni.com.br\/2019\/wp-content\/uploads\/2019\/09\/IMG_8974-1-280x420.jpg 280w\" sizes=\"auto, (max-width: 900px) 100vw, 900px\" \/><img loading=\"lazy\" decoding=\"async\" class=\"alignnone size-full wp-image-6529\" src=\"https:\/\/jorgezanoni.com.br\/2019\/wp-content\/uploads\/2019\/09\/IMG_8975.jpg\" alt=\"\" width=\"900\" height=\"1351\" srcset=\"https:\/\/jorgezanoni.com.br\/2019\/wp-content\/uploads\/2019\/09\/IMG_8975.jpg 900w, https:\/\/jorgezanoni.com.br\/2019\/wp-content\/uploads\/2019\/09\/IMG_8975-200x300.jpg 200w, https:\/\/jorgezanoni.com.br\/2019\/wp-content\/uploads\/2019\/09\/IMG_8975-768x1153.jpg 768w, https:\/\/jorgezanoni.com.br\/2019\/wp-content\/uploads\/2019\/09\/IMG_8975-682x1024.jpg 682w, https:\/\/jorgezanoni.com.br\/2019\/wp-content\/uploads\/2019\/09\/IMG_8975-696x1045.jpg 696w, https:\/\/jorgezanoni.com.br\/2019\/wp-content\/uploads\/2019\/09\/IMG_8975-280x420.jpg 280w\" sizes=\"auto, (max-width: 900px) 100vw, 900px\" \/><\/p>\n<p>Jorge Zanoni<\/p>\n","protected":false},"excerpt":{"rendered":"<p>Na tarde desta ter\u00e7a-feira (17) exatamente \u00e0s 15 Horas, o Term\u00f4metro da Pra\u00e7a Arthur Pagnozzi registrou 42\u00ba. A pergunta que muitos moradores est\u00e3o fazendo \u00e9 como ser\u00e1 o Ver\u00e3o no final do ano em dezembro e janeiro, j\u00e1 que nossa cidade \u00e9 uma das que tem as maiores temperaturas da regi\u00e3o. Hoje foi o dia [&hellip;]<\/p>\n","protected":false},"author":1,"featured_media":6530,"comment_status":"closed","ping_status":"open","sticky":false,"template":"","format":"standard","meta":{"footnotes":""},"categories":[114,110],"tags":[],"class_list":["post-6521","post","type-post","status-publish","format-standard","has-post-thumbnail","hentry","category-geralecomercio","category-noticiasdestaque"],"_links":{"self":[{"href":"https:\/\/jorgezanoni.com.br\/2019\/wp-json\/wp\/v2\/posts\/6521","targetHints":{"allow":["GET"]}}],"collection":[{"href":"https:\/\/jorgezanoni.com.br\/2019\/wp-json\/wp\/v2\/posts"}],"about":[{"href":"https:\/\/jorgezanoni.com.br\/2019\/wp-json\/wp\/v2\/types\/post"}],"author":[{"embeddable":true,"href":"https:\/\/jorgezanoni.com.br\/2019\/wp-json\/wp\/v2\/users\/1"}],"replies":[{"embeddable":true,"href":"https:\/\/jorgezanoni.com.br\/2019\/wp-json\/wp\/v2\/comments?post=6521"}],"version-history":[{"count":0,"href":"https:\/\/jorgezanoni.com.br\/2019\/wp-json\/wp\/v2\/posts\/6521\/revisions"}],"wp:featuredmedia":[{"embeddable":true,"href":"https:\/\/jorgezanoni.com.br\/2019\/wp-json\/wp\/v2\/media\/6530"}],"wp:attachment":[{"href":"https:\/\/jorgezanoni.com.br\/2019\/wp-json\/wp\/v2\/media?parent=6521"}],"wp:term":[{"taxonomy":"category","embeddable":true,"href":"https:\/\/jorgezanoni.com.br\/2019\/wp-json\/wp\/v2\/categories?post=6521"},{"taxonomy":"post_tag","embeddable":true,"href":"https:\/\/jorgezanoni.com.br\/2019\/wp-json\/wp\/v2\/tags?post=6521"}],"curies":[{"name":"wp","href":"https:\/\/api.w.org\/{rel}","templated":true}]}}