{"id":65165,"date":"2022-06-18T02:17:07","date_gmt":"2022-06-18T02:17:07","guid":{"rendered":"https:\/\/jorgezanoni.com.br\/2019\/?p=65165"},"modified":"2022-06-18T14:55:18","modified_gmt":"2022-06-18T14:55:18","slug":"acidente-grave-deixa-7-pessoas-feridas-na-sp-563-proximo-ao-trevo-de-ouro-verde","status":"publish","type":"post","link":"https:\/\/jorgezanoni.com.br\/2019\/acidente-grave-deixa-7-pessoas-feridas-na-sp-563-proximo-ao-trevo-de-ouro-verde\/","title":{"rendered":"Acidente grave deixa 7 pessoas feridas na SP-563 pr\u00f3ximo ao trevo de Ouro Verde"},"content":{"rendered":"<p style=\"text-align: justify;\"><strong>Os feridos s\u00e3o moradores de Monte Castelo e Ouro Verde, 6 v\u00edtimas leves e 1 graves.<\/strong><\/p>\n<p style=\"text-align: justify;\">Por volta de 21:40 horas desta sexta-feira (17), foi registrado um acidente grave na Rodovia General Euclides de Oliveira Figueiredo, SP-563, trecho nas proximidades do Trevo de Ouro Verde, munic\u00edpio de Dracena.<\/p>\n<p style=\"text-align: justify;\">Segundo as primeiras informa\u00e7\u00f5es obtidas pelo reportagem do Site JZ, bateram frontalmente um ve\u00edculo Fiesta placas de Ouro Verde e um Gol de Monte Castelo. Chovia forte no momento da batida.<\/p>\n<p style=\"text-align: justify;\">As v\u00edtimas foram socorridas ao Pronto Atendimento Municipal de Dracena por Unidades de Resgate do Corpo de Bombeiro<\/p>\n<p style=\"text-align: justify;\">As Pol\u00edcias Militar, Rodovi\u00e1ria e T\u00e9cnica se encontram no local.<\/p>\n<p style=\"text-align: justify;\"><img loading=\"lazy\" decoding=\"async\" class=\"alignnone size-full wp-image-65167\" src=\"https:\/\/jorgezanoni.com.br\/2019\/wp-content\/uploads\/2022\/06\/O.V.1-2.jpg\" alt=\"\" width=\"700\" height=\"613\" srcset=\"https:\/\/jorgezanoni.com.br\/2019\/wp-content\/uploads\/2022\/06\/O.V.1-2.jpg 700w, https:\/\/jorgezanoni.com.br\/2019\/wp-content\/uploads\/2022\/06\/O.V.1-2-300x263.jpg 300w, https:\/\/jorgezanoni.com.br\/2019\/wp-content\/uploads\/2022\/06\/O.V.1-2-696x609.jpg 696w, https:\/\/jorgezanoni.com.br\/2019\/wp-content\/uploads\/2022\/06\/O.V.1-2-480x420.jpg 480w\" sizes=\"auto, (max-width: 700px) 100vw, 700px\" \/><\/p>\n<p style=\"text-align: justify;\">Jorge Zanoni<\/p>\n<p style=\"text-align: justify;\">Fotos de Internauta<\/p>\n<p style=\"text-align: justify;\"><strong>Pol\u00edcia Militar Rodovi\u00e1ria realiza atendimento de sinistro de tr\u00e2nsito com 06 v\u00edtimas leves e 01 grave<\/strong><\/p>\n<p style=\"text-align: justify;\">Data\/Hora: 17JUN22, 21h40min.<\/p>\n<p style=\"text-align: justify;\">Local: Dracena\/SP \u2013 SP 563 \u2013 Rodovia General Euclides de Oliveira Figueiredo, km 128,000.<\/p>\n<p style=\"text-align: justify;\">HIST\u00d3RICO:<br \/>\nNo decorrer da opera\u00e7\u00e3o Corpus Christi, equipes do policiamento rodovi\u00e1rio foram acionadas para atendimento de sinistro de tr\u00e2nsito com diversas v\u00edtimas. No local foi constatado uma colis\u00e3o frontal, envolvendo o Vw\/Gol, placas de Presidente Venceslau\/SP, que transitava no sentido Presidente Venceslau\/SP a Tupi Paulista\/SP e o Ford\/Fiesta, com placas de Ouro Verde\/SP, que transitava no sentido contr\u00e1rio.<br \/>\nO ford\/fiesta, era conduzido por um homem de 50 anos, que n\u00e3o se feriu na colis\u00e3o e transportava 03 passageiros, sendo uma mulher de 37 anos, uma adolescente de 12 anos e uma menina de 08 anos, todos da mesma fam\u00edlia e moradores em Ouro Verde\/SP, sendo socorridos at\u00e9 o Pronto Socorro de Dracena em estado leve, pela unidade de resgate dos bombeiros.<br \/>\nJ\u00e1 o Vw\/Gol, era conduzido por uma mulher de 33 anos, que se feriu gravemente e transportava 03 passageiros, sendo um homem tamb\u00e9m de 33 anos e duas meninas, sendo uma de 07 e outra de 09 anos de idade, todos da mesma fam\u00edlia e moradores em uma propriedade rural no munic\u00edpio de Monte Castelo\/SP, sendo socorridos at\u00e9 o Pronto Socorro de Dracena em estado leve, pela unidade de resgate dos bombeiros.<br \/>\nCabe ressaltar que apenas a condutora do Vw\/gol se feriu gravemente, sendo os demais ocupantes de ambos os ve\u00edculos, apenas ferimentos leves. J\u00e1 o condutor do Ford\/Fiesta n\u00e3o se feriu.<br \/>\nChovia no momento do acidente e a pista encontrava-se molhada.<br \/>\nEquipes do DER apoiou na sinaliza\u00e7\u00e3o. Pol\u00edcia cient\u00edfica realizou a per\u00edcia do local e o tr\u00e2nsito fluiu normalmente.<\/p>\n<p style=\"text-align: justify;\"><img loading=\"lazy\" decoding=\"async\" class=\"alignnone size-full wp-image-65204\" src=\"https:\/\/jorgezanoni.com.br\/2019\/wp-content\/uploads\/2022\/06\/drc.jpg\" alt=\"\" width=\"1280\" height=\"960\" srcset=\"https:\/\/jorgezanoni.com.br\/2019\/wp-content\/uploads\/2022\/06\/drc.jpg 1280w, https:\/\/jorgezanoni.com.br\/2019\/wp-content\/uploads\/2022\/06\/drc-300x225.jpg 300w, https:\/\/jorgezanoni.com.br\/2019\/wp-content\/uploads\/2022\/06\/drc-1024x768.jpg 1024w, https:\/\/jorgezanoni.com.br\/2019\/wp-content\/uploads\/2022\/06\/drc-768x576.jpg 768w, https:\/\/jorgezanoni.com.br\/2019\/wp-content\/uploads\/2022\/06\/drc-80x60.jpg 80w, https:\/\/jorgezanoni.com.br\/2019\/wp-content\/uploads\/2022\/06\/drc-265x198.jpg 265w, https:\/\/jorgezanoni.com.br\/2019\/wp-content\/uploads\/2022\/06\/drc-696x522.jpg 696w, https:\/\/jorgezanoni.com.br\/2019\/wp-content\/uploads\/2022\/06\/drc-1068x801.jpg 1068w, https:\/\/jorgezanoni.com.br\/2019\/wp-content\/uploads\/2022\/06\/drc-560x420.jpg 560w\" sizes=\"auto, (max-width: 1280px) 100vw, 1280px\" \/> <img loading=\"lazy\" decoding=\"async\" class=\"alignnone size-full wp-image-65205\" src=\"https:\/\/jorgezanoni.com.br\/2019\/wp-content\/uploads\/2022\/06\/drc1.jpg\" alt=\"\" width=\"1280\" height=\"960\" srcset=\"https:\/\/jorgezanoni.com.br\/2019\/wp-content\/uploads\/2022\/06\/drc1.jpg 1280w, https:\/\/jorgezanoni.com.br\/2019\/wp-content\/uploads\/2022\/06\/drc1-300x225.jpg 300w, https:\/\/jorgezanoni.com.br\/2019\/wp-content\/uploads\/2022\/06\/drc1-1024x768.jpg 1024w, https:\/\/jorgezanoni.com.br\/2019\/wp-content\/uploads\/2022\/06\/drc1-768x576.jpg 768w, https:\/\/jorgezanoni.com.br\/2019\/wp-content\/uploads\/2022\/06\/drc1-80x60.jpg 80w, https:\/\/jorgezanoni.com.br\/2019\/wp-content\/uploads\/2022\/06\/drc1-265x198.jpg 265w, https:\/\/jorgezanoni.com.br\/2019\/wp-content\/uploads\/2022\/06\/drc1-696x522.jpg 696w, https:\/\/jorgezanoni.com.br\/2019\/wp-content\/uploads\/2022\/06\/drc1-1068x801.jpg 1068w, https:\/\/jorgezanoni.com.br\/2019\/wp-content\/uploads\/2022\/06\/drc1-560x420.jpg 560w\" sizes=\"auto, (max-width: 1280px) 100vw, 1280px\" \/>Fonte: PMR<\/p>\n<p>&nbsp;<\/p>\n","protected":false},"excerpt":{"rendered":"<p>Os feridos s\u00e3o moradores de Monte Castelo e Ouro Verde, 6 v\u00edtimas leves e 1 graves. Por volta de 21:40 horas desta sexta-feira (17), foi registrado um acidente grave na Rodovia General Euclides de Oliveira Figueiredo, SP-563, trecho nas proximidades do Trevo de Ouro Verde, munic\u00edpio de Dracena. Segundo as primeiras informa\u00e7\u00f5es obtidas pelo reportagem [&hellip;]<\/p>\n","protected":false},"author":1,"featured_media":65166,"comment_status":"closed","ping_status":"open","sticky":false,"template":"","format":"standard","meta":{"footnotes":""},"categories":[170,110],"tags":[],"class_list":["post-65165","post","type-post","status-publish","format-standard","has-post-thumbnail","hentry","category-acidentes","category-noticiasdestaque"],"_links":{"self":[{"href":"https:\/\/jorgezanoni.com.br\/2019\/wp-json\/wp\/v2\/posts\/65165","targetHints":{"allow":["GET"]}}],"collection":[{"href":"https:\/\/jorgezanoni.com.br\/2019\/wp-json\/wp\/v2\/posts"}],"about":[{"href":"https:\/\/jorgezanoni.com.br\/2019\/wp-json\/wp\/v2\/types\/post"}],"author":[{"embeddable":true,"href":"https:\/\/jorgezanoni.com.br\/2019\/wp-json\/wp\/v2\/users\/1"}],"replies":[{"embeddable":true,"href":"https:\/\/jorgezanoni.com.br\/2019\/wp-json\/wp\/v2\/comments?post=65165"}],"version-history":[{"count":0,"href":"https:\/\/jorgezanoni.com.br\/2019\/wp-json\/wp\/v2\/posts\/65165\/revisions"}],"wp:featuredmedia":[{"embeddable":true,"href":"https:\/\/jorgezanoni.com.br\/2019\/wp-json\/wp\/v2\/media\/65166"}],"wp:attachment":[{"href":"https:\/\/jorgezanoni.com.br\/2019\/wp-json\/wp\/v2\/media?parent=65165"}],"wp:term":[{"taxonomy":"category","embeddable":true,"href":"https:\/\/jorgezanoni.com.br\/2019\/wp-json\/wp\/v2\/categories?post=65165"},{"taxonomy":"post_tag","embeddable":true,"href":"https:\/\/jorgezanoni.com.br\/2019\/wp-json\/wp\/v2\/tags?post=65165"}],"curies":[{"name":"wp","href":"https:\/\/api.w.org\/{rel}","templated":true}]}}