{"id":65115,"date":"2022-06-16T18:06:53","date_gmt":"2022-06-16T18:06:53","guid":{"rendered":"https:\/\/jorgezanoni.com.br\/2019\/?p=65115"},"modified":"2022-06-16T18:06:53","modified_gmt":"2022-06-16T18:06:53","slug":"policia-militar-apreende-arma-de-fogo-em-dracena","status":"publish","type":"post","link":"https:\/\/jorgezanoni.com.br\/2019\/policia-militar-apreende-arma-de-fogo-em-dracena\/","title":{"rendered":"Pol\u00edcia Militar apreende arma de fogo em Dracena"},"content":{"rendered":"<p style=\"text-align: justify;\"><strong>TIROC\u00cdNIO POLICIAL: POL\u00cdCIA MILITAR EM DILIG\u00caNCIAS FAZ APREENS\u00c3O DE ARMA DE FOGO EM DRACENA.<\/strong><\/p>\n<p style=\"text-align: justify;\">NA DATA DE ONTEM (15) POR VOLTA DAS 19H34MIN EQUIPE DA POL\u00cdCIA MILITAR DURANTE PATRULHAMENTO PELO JARDIM BRASILANDIA VISUALIZOU O PORT\u00c3O ABERTO E DEVIDO INFORMA\u00c7\u00c3O DE DIVERSOS FURTOS OCORRIDOS PELO LOCAL, REALIZOU VISTORIA NO CORREDOR, NINGU\u00c9M FOI LOCALIZADO, POR\u00c9M, NOS FUNDOS DO CORREDOR DURANTE VISTORIA EM UM SOFA QUE ESTAVA NO QUINTAL EM FRENTE A RESID\u00caNCIA, FOI LOCALIZADO NA CINTA DO SOFA UM REVOLVER CALIBRE .32 DE COR PRETA, SEM NUMERA\u00c7\u00c3O E DESMUNICIADO. DURANTE A REVISTA NO LOCAL COMPARECEU O SENHOR O QUAL INFORMOU SER O PROPRIET\u00c1RIO DA RESID\u00caNCIA DA FRENTE QUE FICA LOCALIZADA NO MESMO QUINTAL E INFORMOU TAMBEM QUE FOI VITIMA DE 3 FURTOS NOS \u00daLTIMOS 20 DIAS E AUTORIZOU A ENTRADA BEM COMO PERMAN\u00caNCIA DAS EQUIPES NO LOCAL PARA VISTORIA E QUE SEU PORTAO FICA ABERTO E N\u00c3O TEM CONTROLE DE ENTRADA E SA\u00cfDA DE PESSOAS. COMPARECEU NO LOCAL A POLICIA CI\u00caNTIFICA. O REVOLVER BEM COMO OS DADOS FORAM APRESENTADOS NO PLANT\u00c3O DE POL\u00cdCIA JUDICI\u00c1RIA ONDE FOI ELABORADO O BOPC DE APREENS\u00c3O DE OBJETO E AUTO DE EXIBIC\u00c3O E APREENS\u00c3O DA ARMA DE FOGO.<\/p>\n<p style=\"text-align: justify;\">#25BPMI<br \/>\n#CPI8<br \/>\n#POLICIAMILITARSP<br \/>\n#AFOR\u00c7APUBLICADES\u00c3OPAULO<\/p>\n","protected":false},"excerpt":{"rendered":"<p>TIROC\u00cdNIO POLICIAL: POL\u00cdCIA MILITAR EM DILIG\u00caNCIAS FAZ APREENS\u00c3O DE ARMA DE FOGO EM DRACENA. NA DATA DE ONTEM (15) POR VOLTA DAS 19H34MIN EQUIPE DA POL\u00cdCIA MILITAR DURANTE PATRULHAMENTO PELO JARDIM BRASILANDIA VISUALIZOU O PORT\u00c3O ABERTO E DEVIDO INFORMA\u00c7\u00c3O DE DIVERSOS FURTOS OCORRIDOS PELO LOCAL, REALIZOU VISTORIA NO CORREDOR, NINGU\u00c9M FOI LOCALIZADO, POR\u00c9M, NOS FUNDOS [&hellip;]<\/p>\n","protected":false},"author":1,"featured_media":65116,"comment_status":"closed","ping_status":"open","sticky":false,"template":"","format":"standard","meta":{"footnotes":""},"categories":[110,2],"tags":[],"class_list":["post-65115","post","type-post","status-publish","format-standard","has-post-thumbnail","hentry","category-noticiasdestaque","category-policial"],"_links":{"self":[{"href":"https:\/\/jorgezanoni.com.br\/2019\/wp-json\/wp\/v2\/posts\/65115","targetHints":{"allow":["GET"]}}],"collection":[{"href":"https:\/\/jorgezanoni.com.br\/2019\/wp-json\/wp\/v2\/posts"}],"about":[{"href":"https:\/\/jorgezanoni.com.br\/2019\/wp-json\/wp\/v2\/types\/post"}],"author":[{"embeddable":true,"href":"https:\/\/jorgezanoni.com.br\/2019\/wp-json\/wp\/v2\/users\/1"}],"replies":[{"embeddable":true,"href":"https:\/\/jorgezanoni.com.br\/2019\/wp-json\/wp\/v2\/comments?post=65115"}],"version-history":[{"count":0,"href":"https:\/\/jorgezanoni.com.br\/2019\/wp-json\/wp\/v2\/posts\/65115\/revisions"}],"wp:featuredmedia":[{"embeddable":true,"href":"https:\/\/jorgezanoni.com.br\/2019\/wp-json\/wp\/v2\/media\/65116"}],"wp:attachment":[{"href":"https:\/\/jorgezanoni.com.br\/2019\/wp-json\/wp\/v2\/media?parent=65115"}],"wp:term":[{"taxonomy":"category","embeddable":true,"href":"https:\/\/jorgezanoni.com.br\/2019\/wp-json\/wp\/v2\/categories?post=65115"},{"taxonomy":"post_tag","embeddable":true,"href":"https:\/\/jorgezanoni.com.br\/2019\/wp-json\/wp\/v2\/tags?post=65115"}],"curies":[{"name":"wp","href":"https:\/\/api.w.org\/{rel}","templated":true}]}}