{"id":65092,"date":"2022-06-16T14:59:03","date_gmt":"2022-06-16T14:59:03","guid":{"rendered":"https:\/\/jorgezanoni.com.br\/2019\/?p=65092"},"modified":"2022-06-16T15:00:34","modified_gmt":"2022-06-16T15:00:34","slug":"morre-o-empresario-tupiense-nelson-piato","status":"publish","type":"post","link":"https:\/\/jorgezanoni.com.br\/2019\/morre-o-empresario-tupiense-nelson-piato\/","title":{"rendered":"Morre o empres\u00e1rio tupiense Nelson Piato"},"content":{"rendered":"<div dir=\"auto\" style=\"text-align: justify;\">Comunicamos com pesar o falecimento do empres\u00e1rio tupiense, Nelson Eduardo Piato de 66 anos. Ele estava em tratamento de sa\u00fade e veio a \u00f3bito em Presidente Prudente.<\/div>\n<div dir=\"auto\" style=\"text-align: justify;\"><\/div>\n<div dir=\"auto\" style=\"text-align: justify;\">Deixa as esposa Vilma, filhas Raiane e Ronize, genro, neta, demais familiares e amigos. \u00c9 sogro do atual Prefeito Alexandre (L\u00ea).<\/div>\n<div dir=\"auto\" style=\"text-align: justify;\"><\/div>\n<div dir=\"auto\" style=\"text-align: justify;\">Foi rotariano e atualmente era membro ativo da Loja Ma\u00e7onica de Tupi Paulista, tendo sido Presidente.<\/div>\n<div dir=\"auto\" style=\"text-align: justify;\"><\/div>\n<div dir=\"auto\" style=\"text-align: justify;\">O Vel\u00f3rio ocorre a partir das 12:00 Horas na Loja Ma\u00e7\u00f4nica e o Sepultamento as 16:00 Horas no Cemit\u00e9rio Municipal.<\/div>\n<div dir=\"auto\" style=\"text-align: justify;\"><\/div>\n<div dir=\"auto\" style=\"text-align: justify;\">Tivemos o privil\u00e9gio da amizade e conviv\u00eancia do Piato, que Deus o receba de bra\u00e7os abertos, e a fam\u00edlia nossa solidariedade neste dif\u00edcil momento.<\/div>\n<div dir=\"auto\" style=\"text-align: justify;\"><\/div>\n<div dir=\"auto\" style=\"text-align: justify;\">Jorge Zanoni<\/div>\n<div dir=\"auto\"><\/div>\n<div dir=\"auto\"><img loading=\"lazy\" decoding=\"async\" class=\"alignnone size-full wp-image-65093\" src=\"https:\/\/jorgezanoni.com.br\/2019\/wp-content\/uploads\/2022\/06\/nelson1.jpg\" alt=\"\" width=\"540\" height=\"540\" srcset=\"https:\/\/jorgezanoni.com.br\/2019\/wp-content\/uploads\/2022\/06\/nelson1.jpg 540w, https:\/\/jorgezanoni.com.br\/2019\/wp-content\/uploads\/2022\/06\/nelson1-300x300.jpg 300w, https:\/\/jorgezanoni.com.br\/2019\/wp-content\/uploads\/2022\/06\/nelson1-150x150.jpg 150w, https:\/\/jorgezanoni.com.br\/2019\/wp-content\/uploads\/2022\/06\/nelson1-420x420.jpg 420w\" sizes=\"auto, (max-width: 540px) 100vw, 540px\" \/><\/div>\n<div dir=\"auto\" style=\"text-align: justify;\"><\/div>\n<div dir=\"auto\" style=\"text-align: justify;\"><\/div>\n<div dir=\"auto\"><\/div>\n<div dir=\"auto\"><\/div>\n","protected":false},"excerpt":{"rendered":"<p>Comunicamos com pesar o falecimento do empres\u00e1rio tupiense, Nelson Eduardo Piato de 66 anos. Ele estava em tratamento de sa\u00fade e veio a \u00f3bito em Presidente Prudente. Deixa as esposa Vilma, filhas Raiane e Ronize, genro, neta, demais familiares e amigos. \u00c9 sogro do atual Prefeito Alexandre (L\u00ea). Foi rotariano e atualmente era membro ativo [&hellip;]<\/p>\n","protected":false},"author":1,"featured_media":65094,"comment_status":"closed","ping_status":"open","sticky":false,"template":"","format":"standard","meta":{"footnotes":""},"categories":[178,110],"tags":[],"class_list":["post-65092","post","type-post","status-publish","format-standard","has-post-thumbnail","hentry","category-notadefalecimento","category-noticiasdestaque"],"_links":{"self":[{"href":"https:\/\/jorgezanoni.com.br\/2019\/wp-json\/wp\/v2\/posts\/65092","targetHints":{"allow":["GET"]}}],"collection":[{"href":"https:\/\/jorgezanoni.com.br\/2019\/wp-json\/wp\/v2\/posts"}],"about":[{"href":"https:\/\/jorgezanoni.com.br\/2019\/wp-json\/wp\/v2\/types\/post"}],"author":[{"embeddable":true,"href":"https:\/\/jorgezanoni.com.br\/2019\/wp-json\/wp\/v2\/users\/1"}],"replies":[{"embeddable":true,"href":"https:\/\/jorgezanoni.com.br\/2019\/wp-json\/wp\/v2\/comments?post=65092"}],"version-history":[{"count":0,"href":"https:\/\/jorgezanoni.com.br\/2019\/wp-json\/wp\/v2\/posts\/65092\/revisions"}],"wp:featuredmedia":[{"embeddable":true,"href":"https:\/\/jorgezanoni.com.br\/2019\/wp-json\/wp\/v2\/media\/65094"}],"wp:attachment":[{"href":"https:\/\/jorgezanoni.com.br\/2019\/wp-json\/wp\/v2\/media?parent=65092"}],"wp:term":[{"taxonomy":"category","embeddable":true,"href":"https:\/\/jorgezanoni.com.br\/2019\/wp-json\/wp\/v2\/categories?post=65092"},{"taxonomy":"post_tag","embeddable":true,"href":"https:\/\/jorgezanoni.com.br\/2019\/wp-json\/wp\/v2\/tags?post=65092"}],"curies":[{"name":"wp","href":"https:\/\/api.w.org\/{rel}","templated":true}]}}