{"id":65086,"date":"2022-06-16T14:40:32","date_gmt":"2022-06-16T14:40:32","guid":{"rendered":"https:\/\/jorgezanoni.com.br\/2019\/?p=65086"},"modified":"2022-06-16T14:41:36","modified_gmt":"2022-06-16T14:41:36","slug":"morre-rodrigo-sordi-titutar-do-cartorio-de-notas-de-dracena","status":"publish","type":"post","link":"https:\/\/jorgezanoni.com.br\/2019\/morre-rodrigo-sordi-titutar-do-cartorio-de-notas-de-dracena\/","title":{"rendered":"Morre Rodrigo Sordi, titutar do Cart\u00f3rio de Notas de Dracena"},"content":{"rendered":"<p style=\"text-align: justify;\">Comunicamos com pesar o falecimento de Rodrigo Sordi de 41 anos, ocorrido na cidade de S\u00e3o Jos\u00e9 do Rio Preto. Segundo informa\u00e7\u00f5es de pessoas ligadas a ele, sofreu um Aneurisma da Art\u00e9ria Aorta, onde passou por cirurgia e n\u00e3o resistiu, vindo a \u00f3bito.<\/p>\n<p style=\"text-align: justify;\">Deixa esposa, filhas, demais familiares e amigos. Era membro ativo da Loja Mac\u00f4nica 2 de Julho de Dracena.<\/p>\n<p>Era titular do Tabeli\u00e3o do Cart\u00f3rio de Notas na Rua Duque de Caxias.<\/p>\n<p style=\"text-align: justify;\">O seu corpo ser\u00e1 velado e sepultado em Para\u00edso do Norte\/PR.<\/p>\n<p style=\"text-align: justify;\">O Site JZ se solidariza com a fam\u00edlia e amigos neste dif\u00edcil momento.<\/p>\n<p style=\"text-align: justify;\">Jorge Zanoni<\/p>\n<p style=\"text-align: justify;\"><strong>MENSAGEM DA ESPOSA TATIANE NOLLI PUZZI SORDI EM REDE SOCIAL:<\/strong><\/p>\n<div class=\"kvgmc6g5 cxmmr5t8 oygrvhab hcukyx3x c1et5uql ii04i59q\" style=\"text-align: justify;\">\n<div dir=\"auto\">\u00c9 com muita tristeza que comunico a todos os nossos amigos e familiares o falecimento do <a class=\"oajrlxb2 g5ia77u1 qu0x051f esr5mh6w e9989ue4 r7d6kgcz rq0escxv nhd2j8a9 nc684nl6 p7hjln8o kvgmc6g5 cxmmr5t8 oygrvhab hcukyx3x jb3vyjys rz4wbd8a qt6c0cv9 a8nywdso i1ao9s8h esuyzwwr f1sip0of lzcic4wl gpro0wi8 q66pz984 b1v8xokw\" tabindex=\"0\" role=\"link\" href=\"https:\/\/www.facebook.com\/tabeliaosordi?__cft__[0]=AZXGmZcBWwiGAxT4IILAfYnu6S84EEmm6RD27RlRr0d8Eq_DlAxDE8FWZLO_N9f4-METpEzHJG2sxE6gndDx9imu4ut_MRjPzfP_AIfVvW-qRCgKxxpoxmKlU2xAgjuVC-INNjSEZYnaPAsPKaciEucD84uSuzRo2NU9-UxmDM26GQ&amp;__tn__=-]K-R\"><span class=\"nc684nl6\">Rodrigo Sordi<\/span><\/a>, o amor da minha vida, o homem maravilhoso que eu escolhi para ser pai das nossas filhas. Estamos arrasadas\u2026<\/div>\n<\/div>\n<div class=\"cxmmr5t8 oygrvhab hcukyx3x c1et5uql o9v6fnle ii04i59q\" style=\"text-align: justify;\">\n<div dir=\"auto\">Ele teve um aneurisma na aorta que descobrimos prestes a romper, ainda deu tempo de correr para a cirurgia em S\u00e3o Jos\u00e9 do Rio Preto, mas infelizmente n\u00e3o foi suficiente, os reparos feitos n\u00e3o aguentaram a volta da press\u00e3o.<\/div>\n<\/div>\n<div class=\"cxmmr5t8 oygrvhab hcukyx3x c1et5uql o9v6fnle ii04i59q\" style=\"text-align: justify;\">\n<div dir=\"auto\">O vel\u00f3rio vai ser em Para\u00edso do Norte.<\/div>\n<\/div>\n<div class=\"cxmmr5t8 oygrvhab hcukyx3x c1et5uql o9v6fnle ii04i59q\" style=\"text-align: justify;\">\n<div dir=\"auto\">Temos a certeza que essa vida \u00e9 uma passagem, estamos aqui pra servir e amar as pessoas, se assim fizermos, vamos para o c\u00e9u, e l\u00e1 definitivamente, junto ao nosso Deus, nosso criador, estaremos eternamente junto aos nossos amores dessa terra. Assim Jesus nos disse. Temos que aguentar a saudade at\u00e9 chegar a hora da gente tamb\u00e9m ir. Que Deus, em sua miseric\u00f3rdia nos d\u00ea um lugar no c\u00e9u. Porque o Rodrigo com toda certeza est\u00e1 no c\u00e9u.<\/div>\n<div dir=\"auto\"><\/div>\n<div dir=\"auto\"><img loading=\"lazy\" decoding=\"async\" class=\"alignnone size-full wp-image-65088\" src=\"https:\/\/jorgezanoni.com.br\/2019\/wp-content\/uploads\/2022\/06\/Tatiani.jpg\" alt=\"\" width=\"700\" height=\"525\" srcset=\"https:\/\/jorgezanoni.com.br\/2019\/wp-content\/uploads\/2022\/06\/Tatiani.jpg 700w, https:\/\/jorgezanoni.com.br\/2019\/wp-content\/uploads\/2022\/06\/Tatiani-300x225.jpg 300w, https:\/\/jorgezanoni.com.br\/2019\/wp-content\/uploads\/2022\/06\/Tatiani-80x60.jpg 80w, https:\/\/jorgezanoni.com.br\/2019\/wp-content\/uploads\/2022\/06\/Tatiani-265x198.jpg 265w, https:\/\/jorgezanoni.com.br\/2019\/wp-content\/uploads\/2022\/06\/Tatiani-696x522.jpg 696w, https:\/\/jorgezanoni.com.br\/2019\/wp-content\/uploads\/2022\/06\/Tatiani-560x420.jpg 560w\" sizes=\"auto, (max-width: 700px) 100vw, 700px\" \/><\/div>\n<\/div>\n<div dir=\"auto\" style=\"text-align: justify;\"><\/div>\n<div class=\"cxmmr5t8 oygrvhab hcukyx3x c1et5uql o9v6fnle ii04i59q\"><\/div>\n<div class=\"cxmmr5t8 oygrvhab hcukyx3x c1et5uql o9v6fnle ii04i59q\">\n<div dir=\"auto\"><\/div>\n<\/div>\n","protected":false},"excerpt":{"rendered":"<p>Comunicamos com pesar o falecimento de Rodrigo Sordi de 41 anos, ocorrido na cidade de S\u00e3o Jos\u00e9 do Rio Preto. Segundo informa\u00e7\u00f5es de pessoas ligadas a ele, sofreu um Aneurisma da Art\u00e9ria Aorta, onde passou por cirurgia e n\u00e3o resistiu, vindo a \u00f3bito. Deixa esposa, filhas, demais familiares e amigos. Era membro ativo da Loja [&hellip;]<\/p>\n","protected":false},"author":1,"featured_media":65087,"comment_status":"closed","ping_status":"open","sticky":false,"template":"","format":"standard","meta":{"footnotes":""},"categories":[178,110],"tags":[],"class_list":["post-65086","post","type-post","status-publish","format-standard","has-post-thumbnail","hentry","category-notadefalecimento","category-noticiasdestaque"],"_links":{"self":[{"href":"https:\/\/jorgezanoni.com.br\/2019\/wp-json\/wp\/v2\/posts\/65086","targetHints":{"allow":["GET"]}}],"collection":[{"href":"https:\/\/jorgezanoni.com.br\/2019\/wp-json\/wp\/v2\/posts"}],"about":[{"href":"https:\/\/jorgezanoni.com.br\/2019\/wp-json\/wp\/v2\/types\/post"}],"author":[{"embeddable":true,"href":"https:\/\/jorgezanoni.com.br\/2019\/wp-json\/wp\/v2\/users\/1"}],"replies":[{"embeddable":true,"href":"https:\/\/jorgezanoni.com.br\/2019\/wp-json\/wp\/v2\/comments?post=65086"}],"version-history":[{"count":0,"href":"https:\/\/jorgezanoni.com.br\/2019\/wp-json\/wp\/v2\/posts\/65086\/revisions"}],"wp:featuredmedia":[{"embeddable":true,"href":"https:\/\/jorgezanoni.com.br\/2019\/wp-json\/wp\/v2\/media\/65087"}],"wp:attachment":[{"href":"https:\/\/jorgezanoni.com.br\/2019\/wp-json\/wp\/v2\/media?parent=65086"}],"wp:term":[{"taxonomy":"category","embeddable":true,"href":"https:\/\/jorgezanoni.com.br\/2019\/wp-json\/wp\/v2\/categories?post=65086"},{"taxonomy":"post_tag","embeddable":true,"href":"https:\/\/jorgezanoni.com.br\/2019\/wp-json\/wp\/v2\/tags?post=65086"}],"curies":[{"name":"wp","href":"https:\/\/api.w.org\/{rel}","templated":true}]}}