{"id":65060,"date":"2022-06-15T16:52:36","date_gmt":"2022-06-15T16:52:36","guid":{"rendered":"https:\/\/jorgezanoni.com.br\/2019\/?p=65060"},"modified":"2022-06-15T16:52:36","modified_gmt":"2022-06-15T16:52:36","slug":"veiculo-carregado-com-farinha-de-trigo-tomba-e-pega-fogo-em-rodovia","status":"publish","type":"post","link":"https:\/\/jorgezanoni.com.br\/2019\/veiculo-carregado-com-farinha-de-trigo-tomba-e-pega-fogo-em-rodovia\/","title":{"rendered":"Ve\u00edculo carregado com Farinha de Trigo tomba e pega fogo em Rodovia"},"content":{"rendered":"<p><strong>Pol\u00edcia Militar Rodovi\u00e1ria registra sinistro de tr\u00e2nsito sem v\u00edtima. Foi na SP 425 \u2013 Rod. Assis Chateaubriand, km 441,000 em Indiana\/SP.<\/strong><\/p>\n<p style=\"text-align: justify;\">No in\u00edcio da manh\u00e3 desta quarta-feira (15) \u00e0s 05:40 Horas, a Pol\u00edcia Militar Rodovi\u00e1ria registrou ocorr\u00eancia de sinistro de tr\u00e2nsito, sendo um tombamento de uma carreta.<\/p>\n<p style=\"text-align: justify;\">O ve\u00edculo carregado com sacas de Farinha de Trigo, seguia no sentido da rodovia entre os munic\u00edpios de Regente Feij\u00f3 a Martin\u00f3polis e por raz\u00f5es a serem apuradas tombou e em decorr\u00eancia do impacto, incendiou-se.<\/p>\n<p style=\"text-align: justify;\">O local foi interditado no momento do inc\u00eandio, em raz\u00e3o da propor\u00e7\u00e3o das chamas, e liberado ao menos uma das faixas naquele sentido e ponto, ap\u00f3s as equipes do Corpo de Bombeiros terem extinguido o inc\u00eandio.<\/p>\n<p style=\"text-align: justify;\">O condutor, um homem de 44 anos n\u00e3o sofreu consider\u00e1veis les\u00f5es.<\/p>\n<p style=\"text-align: justify;\">A ocorr\u00eancia segue em atendimento, tendo tamb\u00e9m o apoio nas sinaliza\u00e7\u00f5es da Concessionaria Eixo-SP.<\/p>\n<p><img loading=\"lazy\" decoding=\"async\" class=\"alignnone size-full wp-image-65061\" src=\"https:\/\/jorgezanoni.com.br\/2019\/wp-content\/uploads\/2022\/06\/car.jpg\" alt=\"\" width=\"700\" height=\"328\" srcset=\"https:\/\/jorgezanoni.com.br\/2019\/wp-content\/uploads\/2022\/06\/car.jpg 700w, https:\/\/jorgezanoni.com.br\/2019\/wp-content\/uploads\/2022\/06\/car-300x141.jpg 300w, https:\/\/jorgezanoni.com.br\/2019\/wp-content\/uploads\/2022\/06\/car-696x326.jpg 696w\" sizes=\"auto, (max-width: 700px) 100vw, 700px\" \/> <img loading=\"lazy\" decoding=\"async\" class=\"alignnone size-full wp-image-65062\" src=\"https:\/\/jorgezanoni.com.br\/2019\/wp-content\/uploads\/2022\/06\/car1.jpg\" alt=\"\" width=\"700\" height=\"1245\" srcset=\"https:\/\/jorgezanoni.com.br\/2019\/wp-content\/uploads\/2022\/06\/car1.jpg 700w, https:\/\/jorgezanoni.com.br\/2019\/wp-content\/uploads\/2022\/06\/car1-169x300.jpg 169w, https:\/\/jorgezanoni.com.br\/2019\/wp-content\/uploads\/2022\/06\/car1-576x1024.jpg 576w, https:\/\/jorgezanoni.com.br\/2019\/wp-content\/uploads\/2022\/06\/car1-696x1238.jpg 696w, https:\/\/jorgezanoni.com.br\/2019\/wp-content\/uploads\/2022\/06\/car1-236x420.jpg 236w\" sizes=\"auto, (max-width: 700px) 100vw, 700px\" \/> <img loading=\"lazy\" decoding=\"async\" class=\"alignnone size-full wp-image-65064\" src=\"https:\/\/jorgezanoni.com.br\/2019\/wp-content\/uploads\/2022\/06\/car3.jpg\" alt=\"\" width=\"700\" height=\"393\" srcset=\"https:\/\/jorgezanoni.com.br\/2019\/wp-content\/uploads\/2022\/06\/car3.jpg 700w, https:\/\/jorgezanoni.com.br\/2019\/wp-content\/uploads\/2022\/06\/car3-300x168.jpg 300w, https:\/\/jorgezanoni.com.br\/2019\/wp-content\/uploads\/2022\/06\/car3-696x391.jpg 696w\" sizes=\"auto, (max-width: 700px) 100vw, 700px\" \/><\/p>\n<p style=\"text-align: justify;\">Fonte: 2\u00aa Cia. PMR.<\/p>\n","protected":false},"excerpt":{"rendered":"<p>Pol\u00edcia Militar Rodovi\u00e1ria registra sinistro de tr\u00e2nsito sem v\u00edtima. Foi na SP 425 \u2013 Rod. Assis Chateaubriand, km 441,000 em Indiana\/SP. No in\u00edcio da manh\u00e3 desta quarta-feira (15) \u00e0s 05:40 Horas, a Pol\u00edcia Militar Rodovi\u00e1ria registrou ocorr\u00eancia de sinistro de tr\u00e2nsito, sendo um tombamento de uma carreta. O ve\u00edculo carregado com sacas de Farinha de [&hellip;]<\/p>\n","protected":false},"author":1,"featured_media":65063,"comment_status":"closed","ping_status":"open","sticky":false,"template":"","format":"standard","meta":{"footnotes":""},"categories":[170,110],"tags":[],"class_list":["post-65060","post","type-post","status-publish","format-standard","has-post-thumbnail","hentry","category-acidentes","category-noticiasdestaque"],"_links":{"self":[{"href":"https:\/\/jorgezanoni.com.br\/2019\/wp-json\/wp\/v2\/posts\/65060","targetHints":{"allow":["GET"]}}],"collection":[{"href":"https:\/\/jorgezanoni.com.br\/2019\/wp-json\/wp\/v2\/posts"}],"about":[{"href":"https:\/\/jorgezanoni.com.br\/2019\/wp-json\/wp\/v2\/types\/post"}],"author":[{"embeddable":true,"href":"https:\/\/jorgezanoni.com.br\/2019\/wp-json\/wp\/v2\/users\/1"}],"replies":[{"embeddable":true,"href":"https:\/\/jorgezanoni.com.br\/2019\/wp-json\/wp\/v2\/comments?post=65060"}],"version-history":[{"count":0,"href":"https:\/\/jorgezanoni.com.br\/2019\/wp-json\/wp\/v2\/posts\/65060\/revisions"}],"wp:featuredmedia":[{"embeddable":true,"href":"https:\/\/jorgezanoni.com.br\/2019\/wp-json\/wp\/v2\/media\/65063"}],"wp:attachment":[{"href":"https:\/\/jorgezanoni.com.br\/2019\/wp-json\/wp\/v2\/media?parent=65060"}],"wp:term":[{"taxonomy":"category","embeddable":true,"href":"https:\/\/jorgezanoni.com.br\/2019\/wp-json\/wp\/v2\/categories?post=65060"},{"taxonomy":"post_tag","embeddable":true,"href":"https:\/\/jorgezanoni.com.br\/2019\/wp-json\/wp\/v2\/tags?post=65060"}],"curies":[{"name":"wp","href":"https:\/\/api.w.org\/{rel}","templated":true}]}}