{"id":65056,"date":"2022-06-15T16:34:37","date_gmt":"2022-06-15T16:34:37","guid":{"rendered":"https:\/\/jorgezanoni.com.br\/2019\/?p=65056"},"modified":"2022-06-15T16:41:24","modified_gmt":"2022-06-15T16:41:24","slug":"policia-militar-surpreende-duas-pessoas-com-mais-de-1-kg-de-drogas-em-rodovia-de-dracena","status":"publish","type":"post","link":"https:\/\/jorgezanoni.com.br\/2019\/policia-militar-surpreende-duas-pessoas-com-mais-de-1-kg-de-drogas-em-rodovia-de-dracena\/","title":{"rendered":"Pol\u00edcia Militar surpreende duas pessoas com mais de 1 Kg de Drogas em Rodovia de Dracena"},"content":{"rendered":"<p style=\"text-align: justify;\"><strong>NO COMBATE AO TR\u00c1FICO: POL\u00cdCIA MILITAR EM A\u00c7\u00c3O DE FOR\u00c7A T\u00c1TICA EM DRACENA SUPREENDE COM DUAS PESSOAS MAIS DE 1 KG DE CRACK E COCA\u00cdNA.<\/strong><\/p>\n<p style=\"text-align: justify;\">Nas primeiras horas do dia (15) por volta das 01h40min equipes de For\u00e7a T\u00e1tica durante Opera\u00e7\u00e3o com vistas ao tr\u00e1fico de drogas ao efetuar abordagem pela Rodovia Eng. Byron de Azevedo Nogueira Km 09 em Dracena\/SP, no ve\u00edculo Hyundai HB20 de cor preta munic\u00edpio Tr\u00eas Lagoas\/MS (UBER), ocupado por tr\u00eas pessoas, e visualizar que o passageiro do banco de tr\u00e1s tentou esconder algo entre suas pernas, realizou busca veicular e pessoal sendo localizado em uma mochila no assoalho traseiro entre as pernas do indiciado (homem 35 anos) um inv\u00f3lucro pl\u00e1stico contendo coca\u00edna e no assoalho ao lado deste uma bolsa contendo em seu interior um tablete de crack tendo confessado a propriedade da droga \u00e0 equipe. A passageira do banco dianteiro (sindicada mulher 17 anos) confessou a equipe que acompanhou o indiciado at\u00e9 o munic\u00edpio de Tr\u00eas Lagoas\/MS e que tinha conhecimento do transporte das drogas. O motorista de aplicativo apenas foi contratado para este deslocamento sem saber de tal situa\u00e7\u00e3o. Foram apreendidos: 1,049Kg crack; 0,975Kg coca\u00edna e 02 celulares<br \/>\nDiante dos fatos foi dado voz de pris\u00e3o ao indiciado e de apreens\u00e3o a sindicada sendo onde permaneceram presos \u00e0 disposi\u00e7\u00e3o da Justi\u00e7a.<\/p>\n<p style=\"text-align: justify;\">Fonte: Com. Social Pol\u00edcia Militar<\/p>\n<p>&nbsp;<\/p>\n","protected":false},"excerpt":{"rendered":"<p>NO COMBATE AO TR\u00c1FICO: POL\u00cdCIA MILITAR EM A\u00c7\u00c3O DE FOR\u00c7A T\u00c1TICA EM DRACENA SUPREENDE COM DUAS PESSOAS MAIS DE 1 KG DE CRACK E COCA\u00cdNA. Nas primeiras horas do dia (15) por volta das 01h40min equipes de For\u00e7a T\u00e1tica durante Opera\u00e7\u00e3o com vistas ao tr\u00e1fico de drogas ao efetuar abordagem pela Rodovia Eng. Byron de [&hellip;]<\/p>\n","protected":false},"author":1,"featured_media":65057,"comment_status":"closed","ping_status":"open","sticky":false,"template":"","format":"standard","meta":{"footnotes":""},"categories":[110,2],"tags":[],"class_list":["post-65056","post","type-post","status-publish","format-standard","has-post-thumbnail","hentry","category-noticiasdestaque","category-policial"],"_links":{"self":[{"href":"https:\/\/jorgezanoni.com.br\/2019\/wp-json\/wp\/v2\/posts\/65056","targetHints":{"allow":["GET"]}}],"collection":[{"href":"https:\/\/jorgezanoni.com.br\/2019\/wp-json\/wp\/v2\/posts"}],"about":[{"href":"https:\/\/jorgezanoni.com.br\/2019\/wp-json\/wp\/v2\/types\/post"}],"author":[{"embeddable":true,"href":"https:\/\/jorgezanoni.com.br\/2019\/wp-json\/wp\/v2\/users\/1"}],"replies":[{"embeddable":true,"href":"https:\/\/jorgezanoni.com.br\/2019\/wp-json\/wp\/v2\/comments?post=65056"}],"version-history":[{"count":0,"href":"https:\/\/jorgezanoni.com.br\/2019\/wp-json\/wp\/v2\/posts\/65056\/revisions"}],"wp:featuredmedia":[{"embeddable":true,"href":"https:\/\/jorgezanoni.com.br\/2019\/wp-json\/wp\/v2\/media\/65057"}],"wp:attachment":[{"href":"https:\/\/jorgezanoni.com.br\/2019\/wp-json\/wp\/v2\/media?parent=65056"}],"wp:term":[{"taxonomy":"category","embeddable":true,"href":"https:\/\/jorgezanoni.com.br\/2019\/wp-json\/wp\/v2\/categories?post=65056"},{"taxonomy":"post_tag","embeddable":true,"href":"https:\/\/jorgezanoni.com.br\/2019\/wp-json\/wp\/v2\/tags?post=65056"}],"curies":[{"name":"wp","href":"https:\/\/api.w.org\/{rel}","templated":true}]}}