{"id":65031,"date":"2022-06-15T01:09:14","date_gmt":"2022-06-15T01:09:14","guid":{"rendered":"https:\/\/jorgezanoni.com.br\/2019\/?p=65031"},"modified":"2022-06-15T01:09:14","modified_gmt":"2022-06-15T01:09:14","slug":"acidente-com-vitima-na-avenida-alcides-chacon-couto-em-dracena","status":"publish","type":"post","link":"https:\/\/jorgezanoni.com.br\/2019\/acidente-com-vitima-na-avenida-alcides-chacon-couto-em-dracena\/","title":{"rendered":"Acidente com v\u00edtima na Avenida Alcides Chacon Couto em Dracena"},"content":{"rendered":"<p style=\"text-align: justify;\"><strong>Acidente ocorreu no per\u00edodo da tarde e deixou motociclista ferido.<\/strong><\/p>\n<p style=\"text-align: justify;\">Por volta de 15:30 Horas desta ter\u00e7a-feira (15), foi registrado um acidente entre ve\u00edculo e motocicleta na Avenida Alcides Chacon Couto no Bairro Metr\u00f3pole.<\/p>\n<p style=\"text-align: justify;\">Segundo informa\u00e7\u00f5es obtidas pela reportagem do Site JZ uma mulher saia do Centro Social Urbano quando a Motocicleta que fazia o sentido bairro-centro pela Chacon veio a colidir.<\/p>\n<p style=\"text-align: justify;\">Com o impacto da batida o motociclista foi arremessado ao solo e teve ferimentos. A mulher nada sofreu.<\/p>\n<p style=\"text-align: justify;\">Uma Unidade de Resgate do Corpo de Bombeiros conduziu o condutor da moto at\u00e9 o Pronto Atendimento Municipal.<\/p>\n<p style=\"text-align: justify;\">As Pol\u00edcias Militar e T\u00e9cnica compareceram ao local para os devidos levantamentos.<\/p>\n<p><img loading=\"lazy\" decoding=\"async\" class=\"alignnone size-full wp-image-65033\" src=\"https:\/\/jorgezanoni.com.br\/2019\/wp-content\/uploads\/2022\/06\/acid2-1.jpg\" alt=\"\" width=\"1280\" height=\"720\" srcset=\"https:\/\/jorgezanoni.com.br\/2019\/wp-content\/uploads\/2022\/06\/acid2-1.jpg 1280w, https:\/\/jorgezanoni.com.br\/2019\/wp-content\/uploads\/2022\/06\/acid2-1-300x169.jpg 300w, https:\/\/jorgezanoni.com.br\/2019\/wp-content\/uploads\/2022\/06\/acid2-1-1024x576.jpg 1024w, https:\/\/jorgezanoni.com.br\/2019\/wp-content\/uploads\/2022\/06\/acid2-1-768x432.jpg 768w, https:\/\/jorgezanoni.com.br\/2019\/wp-content\/uploads\/2022\/06\/acid2-1-696x392.jpg 696w, https:\/\/jorgezanoni.com.br\/2019\/wp-content\/uploads\/2022\/06\/acid2-1-1068x601.jpg 1068w, https:\/\/jorgezanoni.com.br\/2019\/wp-content\/uploads\/2022\/06\/acid2-1-747x420.jpg 747w\" sizes=\"auto, (max-width: 1280px) 100vw, 1280px\" \/> <img loading=\"lazy\" decoding=\"async\" class=\"alignnone size-full wp-image-65034\" src=\"https:\/\/jorgezanoni.com.br\/2019\/wp-content\/uploads\/2022\/06\/acide1-2.jpg\" alt=\"\" width=\"720\" height=\"736\" srcset=\"https:\/\/jorgezanoni.com.br\/2019\/wp-content\/uploads\/2022\/06\/acide1-2.jpg 720w, https:\/\/jorgezanoni.com.br\/2019\/wp-content\/uploads\/2022\/06\/acide1-2-293x300.jpg 293w, https:\/\/jorgezanoni.com.br\/2019\/wp-content\/uploads\/2022\/06\/acide1-2-356x364.jpg 356w, https:\/\/jorgezanoni.com.br\/2019\/wp-content\/uploads\/2022\/06\/acide1-2-696x711.jpg 696w, https:\/\/jorgezanoni.com.br\/2019\/wp-content\/uploads\/2022\/06\/acide1-2-411x420.jpg 411w\" sizes=\"auto, (max-width: 720px) 100vw, 720px\" \/><\/p>\n<p style=\"text-align: justify;\">Jorge Zanoni<\/p>\n<p style=\"text-align: justify;\">Fotos de Internauta<\/p>\n","protected":false},"excerpt":{"rendered":"<p>Acidente ocorreu no per\u00edodo da tarde e deixou motociclista ferido. Por volta de 15:30 Horas desta ter\u00e7a-feira (15), foi registrado um acidente entre ve\u00edculo e motocicleta na Avenida Alcides Chacon Couto no Bairro Metr\u00f3pole. Segundo informa\u00e7\u00f5es obtidas pela reportagem do Site JZ uma mulher saia do Centro Social Urbano quando a Motocicleta que fazia o [&hellip;]<\/p>\n","protected":false},"author":1,"featured_media":65032,"comment_status":"closed","ping_status":"open","sticky":false,"template":"","format":"standard","meta":{"footnotes":""},"categories":[170,110],"tags":[],"class_list":["post-65031","post","type-post","status-publish","format-standard","has-post-thumbnail","hentry","category-acidentes","category-noticiasdestaque"],"_links":{"self":[{"href":"https:\/\/jorgezanoni.com.br\/2019\/wp-json\/wp\/v2\/posts\/65031","targetHints":{"allow":["GET"]}}],"collection":[{"href":"https:\/\/jorgezanoni.com.br\/2019\/wp-json\/wp\/v2\/posts"}],"about":[{"href":"https:\/\/jorgezanoni.com.br\/2019\/wp-json\/wp\/v2\/types\/post"}],"author":[{"embeddable":true,"href":"https:\/\/jorgezanoni.com.br\/2019\/wp-json\/wp\/v2\/users\/1"}],"replies":[{"embeddable":true,"href":"https:\/\/jorgezanoni.com.br\/2019\/wp-json\/wp\/v2\/comments?post=65031"}],"version-history":[{"count":0,"href":"https:\/\/jorgezanoni.com.br\/2019\/wp-json\/wp\/v2\/posts\/65031\/revisions"}],"wp:featuredmedia":[{"embeddable":true,"href":"https:\/\/jorgezanoni.com.br\/2019\/wp-json\/wp\/v2\/media\/65032"}],"wp:attachment":[{"href":"https:\/\/jorgezanoni.com.br\/2019\/wp-json\/wp\/v2\/media?parent=65031"}],"wp:term":[{"taxonomy":"category","embeddable":true,"href":"https:\/\/jorgezanoni.com.br\/2019\/wp-json\/wp\/v2\/categories?post=65031"},{"taxonomy":"post_tag","embeddable":true,"href":"https:\/\/jorgezanoni.com.br\/2019\/wp-json\/wp\/v2\/tags?post=65031"}],"curies":[{"name":"wp","href":"https:\/\/api.w.org\/{rel}","templated":true}]}}