{"id":65028,"date":"2022-06-15T00:35:47","date_gmt":"2022-06-15T00:35:47","guid":{"rendered":"https:\/\/jorgezanoni.com.br\/2019\/?p=65028"},"modified":"2022-06-15T00:35:47","modified_gmt":"2022-06-15T00:35:47","slug":"interpretacao-provinciana-e-reflexao-tupiniquim-por-sergio-barbosa","status":"publish","type":"post","link":"https:\/\/jorgezanoni.com.br\/2019\/interpretacao-provinciana-e-reflexao-tupiniquim-por-sergio-barbosa\/","title":{"rendered":"Interpreta\u00e7\u00e3o provinciana e reflex\u00e3o tupiniquim! (por S\u00e9rgio Barbosa)"},"content":{"rendered":"<p style=\"text-align: justify;\"><strong>INTERPRETA\u00c7\u00c3O PROVINCIANA E REFLEX\u00c3O TUPINIQUIM!<\/strong><\/p>\n<p style=\"text-align: justify;\"><em>\u00a0<\/em><em>\u201cDepois de interpretados, todos os sonhos se revelam como a realiza\u00e7\u00e3o de um desejo\u201d.(Sigmund Freud)<\/em><\/p>\n<p style=\"text-align: justify;\"><strong><em>S\u00e9rgio Barbosa (*)<\/em><\/strong><\/p>\n<p style=\"text-align: justify;\">Algumas pessoas, ainda, teimam em afirmar que tal cidade n\u00e3o \u00e9 uma prov\u00edncia, bem como, o termo \u201ctupiniquim\u201d deixa a desejar quando o assunto \u00e9 o lado social de uma comunidade do denominado \u201cPa\u00eds do faz de conta\u201d&#8230;<\/p>\n<p style=\"text-align: justify;\">Ora bolas, falam e esbravejam pelas esquinas provincianas e se negam a rebater as palavras do articulista de sempre, desta forma, cada qual, deve buscar estar atento \u00e0s mudan\u00e7as no Planeta Terra&#8230;<\/p>\n<p style=\"text-align: justify;\">Palavras ao vento como afirma o outro dito popular tupiniquim, assim, os opositores de sempre, teimam em continuar com o discurso de sempre, pouco acrescentam a reflex\u00e3o provinciana em \u00e1reas afins aos interesses da comunidade em pauta&#8230;<\/p>\n<p style=\"text-align: justify;\">Escrever n\u00e3o \u00e9 uma tarefa f\u00e1cil para os simples mortais, bem como, exige compromisso com isto e mais aquilo, tamb\u00e9m, traz a presen\u00e7a do autor em meio aos desencontros da mesmice de sempre&#8230;<\/p>\n<p style=\"text-align: justify;\">Tamb\u00e9m, neste cen\u00e1rio patrocinado pela atua\u00e7\u00e3o das m\u00eddias em n\u00edvel REGIOCAL, ou seja, do regional para o local, tendo em vista que continuam pautando os mesmos fatos de sempre, ou seja, sem import\u00e2ncia de uma vis\u00e3o GLOCAL, a saber: do global para o local&#8230;<\/p>\n<p style=\"text-align: justify;\">No mais em meio ao tudo de menos, considerando que o EMISSOR n\u00e3o est\u00e1 preocupado com a MENSAGEM\u00a0 e muito menos com o RECEPTOR em tempo de p\u00f3s-globaliza\u00e7\u00e3o midi\u00e1tica&#8230;<\/p>\n<p style=\"text-align: justify;\">O cen\u00e1rio oferece pouca alternativa para a maioria dos\/as provincianos\/as, bem como, para uma elite \u201cviciada\u201d pelo poder em busca do poder com dividendos econ\u00f4micos para o seu lado que sempre esteve daquele mesmo lado de sempre&#8230;<\/p>\n<p style=\"text-align: justify;\">Neste contexto midi\u00e1tico, as tram\u00f3ias de sempre marcam as horas do passado, ainda, determinam os minutos do presente e projetam os segundos do futuro em n\u00edvel mercadol\u00f3gico&#8230;<\/p>\n<p style=\"text-align: justify;\">O poder continua determinando as regras de uma prov\u00edncia qualquer, todavia, pode-se levar em conta os discursos persuasivos em tempo de elei\u00e7\u00e3o neste \u201cPa\u00eds do faz de conta\u201d&#8230;<\/p>\n<p style=\"text-align: justify;\">Tamb\u00e9m, tendo em vista que tudo pode acontecer por meio do tal processo democr\u00e1tico mediado pelos votos desta ou daquela campanha eleitoral, bem como, de um ou mais candidatos comprometidos com a politicagem de sempre.<\/p>\n<p style=\"text-align: justify;\">As mudan\u00e7as s\u00e3o necess\u00e1rias para o tempo que se chama hoje, neste caso, muitas pessoas continuam apostando nas adversidades de um mandato pol\u00edtico, exigindo um lugar, se poss\u00edvel, de destaque ou como alguns analistas esportivos clamam, a camisa 10 no time principal de uma prov\u00edncia, ainda, em busca do caminho a seguir neste tempo novo tempo&#8230;<\/p>\n<p style=\"text-align: justify;\">O tempo sem o tempo pode rebater com muitas respostas para uma \u00fanica pergunta, afinal de contas, quem paga a conta?<\/p>\n<p style=\"text-align: justify;\">QUEM SOBREVIVER VAI SABER&#8230;<\/p>\n<p style=\"text-align: justify;\"><strong><em>______________________________________<\/em><\/strong><\/p>\n<p style=\"text-align: justify;\"><strong><em>(*) Jornalista diplomado e professor universit\u00e1rio.<\/em><\/strong><\/p>\n<p style=\"text-align: justify;\"><strong><em>e-mail: <a href=\"mailto:barbosa.sebar@gmail.com\">barbosa.sebar@gmail.com<\/a><\/em><\/strong><\/p>\n<p>&nbsp;<\/p>\n","protected":false},"excerpt":{"rendered":"<p>INTERPRETA\u00c7\u00c3O PROVINCIANA E REFLEX\u00c3O TUPINIQUIM! \u00a0\u201cDepois de interpretados, todos os sonhos se revelam como a realiza\u00e7\u00e3o de um desejo\u201d.(Sigmund Freud) S\u00e9rgio Barbosa (*) Algumas pessoas, ainda, teimam em afirmar que tal cidade n\u00e3o \u00e9 uma prov\u00edncia, bem como, o termo \u201ctupiniquim\u201d deixa a desejar quando o assunto \u00e9 o lado social de uma comunidade do [&hellip;]<\/p>\n","protected":false},"author":1,"featured_media":65029,"comment_status":"closed","ping_status":"open","sticky":false,"template":"","format":"standard","meta":{"footnotes":""},"categories":[175],"tags":[],"class_list":["post-65028","post","type-post","status-publish","format-standard","has-post-thumbnail","hentry","category-artigos"],"_links":{"self":[{"href":"https:\/\/jorgezanoni.com.br\/2019\/wp-json\/wp\/v2\/posts\/65028","targetHints":{"allow":["GET"]}}],"collection":[{"href":"https:\/\/jorgezanoni.com.br\/2019\/wp-json\/wp\/v2\/posts"}],"about":[{"href":"https:\/\/jorgezanoni.com.br\/2019\/wp-json\/wp\/v2\/types\/post"}],"author":[{"embeddable":true,"href":"https:\/\/jorgezanoni.com.br\/2019\/wp-json\/wp\/v2\/users\/1"}],"replies":[{"embeddable":true,"href":"https:\/\/jorgezanoni.com.br\/2019\/wp-json\/wp\/v2\/comments?post=65028"}],"version-history":[{"count":0,"href":"https:\/\/jorgezanoni.com.br\/2019\/wp-json\/wp\/v2\/posts\/65028\/revisions"}],"wp:featuredmedia":[{"embeddable":true,"href":"https:\/\/jorgezanoni.com.br\/2019\/wp-json\/wp\/v2\/media\/65029"}],"wp:attachment":[{"href":"https:\/\/jorgezanoni.com.br\/2019\/wp-json\/wp\/v2\/media?parent=65028"}],"wp:term":[{"taxonomy":"category","embeddable":true,"href":"https:\/\/jorgezanoni.com.br\/2019\/wp-json\/wp\/v2\/categories?post=65028"},{"taxonomy":"post_tag","embeddable":true,"href":"https:\/\/jorgezanoni.com.br\/2019\/wp-json\/wp\/v2\/tags?post=65028"}],"curies":[{"name":"wp","href":"https:\/\/api.w.org\/{rel}","templated":true}]}}