{"id":65025,"date":"2022-06-15T00:00:04","date_gmt":"2022-06-15T00:00:04","guid":{"rendered":"https:\/\/jorgezanoni.com.br\/2019\/?p=65025"},"modified":"2022-06-15T00:00:04","modified_gmt":"2022-06-15T00:00:04","slug":"policia-civil-cumpre-mandados-contra-suspeitos-de-violencia-domestica-em-dracena","status":"publish","type":"post","link":"https:\/\/jorgezanoni.com.br\/2019\/policia-civil-cumpre-mandados-contra-suspeitos-de-violencia-domestica-em-dracena\/","title":{"rendered":"Pol\u00edcia Civil cumpre mandados contra suspeitos de viol\u00eancia dom\u00e9stica em Dracena"},"content":{"rendered":"<p style=\"text-align: justify;\"><strong>A\u00e7\u00e3o da DDM resultou na pris\u00e3o dois homens e na apreens\u00e3o de um adolescente. Os suspeitos estavam com ordens judiciais expedidas pela Justi\u00e7a da Comarca de Dracena.<\/strong><\/p>\n<p style=\"text-align: justify;\">A Pol\u00edcia Civil, por interm\u00e9dio da Delegacia de Defesa da Mulher &#8211; DDM, cumpriu desde a \u00faltima sexta-feira (10), dois mandados de pris\u00e3o e um mandado de apreens\u00e3o e interna\u00e7\u00e3o de adolescente, que estavam pendentes de cumprimento, pela pr\u00e1tica de crimes relacionados com a viol\u00eancia dom\u00e9stica.<\/p>\n<p style=\"text-align: justify;\">As a\u00e7\u00f5es de captura, realizadas pela equipe operacional da Delegacia de Pol\u00edcia da Mulher, ocorreram ap\u00f3s trabalhos de levantamentos de informa\u00e7\u00e3o, nos bairros Vila Barros, Parque Dracena, e na regi\u00e3o central da cidade de Dracena.<\/p>\n<p style=\"text-align: justify;\">Na \u00faltima sexta-feira (10), um adolescente, que n\u00e3o teve a idade divulgada, foi apreendido e ap\u00f3s realiza\u00e7\u00e3o de audi\u00eancia de cust\u00f3dia foi encaminhado para uma Unidade da Funda\u00e7\u00e3o Casa, para cumprimento da medida de interna\u00e7\u00e3o, por pr\u00e1tica de ato infracional an\u00e1logo ao crime de amea\u00e7a.<\/p>\n<p style=\"text-align: justify;\">J\u00e1 ontem, segunda-feira (13), os agentes da DDM deram cumprimento ao mandado de pris\u00e3o, em desfavor de um homem, de 57 anos, por senten\u00e7a definitiva, decretada por cometimento do crime de amea\u00e7a. O terceiro procurado um homem, de 34 anos, foi preso nesta manh\u00e3 (14) e contra o acusado havia um mandado de pris\u00e3o, tamb\u00e9m por senten\u00e7a definitiva, em raz\u00e3o do descumprimento de medidas protetiva de urg\u00eancia.<\/p>\n<p style=\"text-align: justify;\">Os dois homens presos, ap\u00f3s terem finalizados os procedimentos de pol\u00edcia judici\u00e1ria, foram apresentados em audi\u00eancia de cust\u00f3dia, e permaneceram \u00e0 disposi\u00e7\u00e3o da Justi\u00e7a.<\/p>\n<p>Fonte: Com. Social Pol\u00edcia Civil<\/p>\n","protected":false},"excerpt":{"rendered":"<p>A\u00e7\u00e3o da DDM resultou na pris\u00e3o dois homens e na apreens\u00e3o de um adolescente. Os suspeitos estavam com ordens judiciais expedidas pela Justi\u00e7a da Comarca de Dracena. A Pol\u00edcia Civil, por interm\u00e9dio da Delegacia de Defesa da Mulher &#8211; DDM, cumpriu desde a \u00faltima sexta-feira (10), dois mandados de pris\u00e3o e um mandado de apreens\u00e3o [&hellip;]<\/p>\n","protected":false},"author":1,"featured_media":65026,"comment_status":"closed","ping_status":"open","sticky":false,"template":"","format":"standard","meta":{"footnotes":""},"categories":[110,2],"tags":[],"class_list":["post-65025","post","type-post","status-publish","format-standard","has-post-thumbnail","hentry","category-noticiasdestaque","category-policial"],"_links":{"self":[{"href":"https:\/\/jorgezanoni.com.br\/2019\/wp-json\/wp\/v2\/posts\/65025","targetHints":{"allow":["GET"]}}],"collection":[{"href":"https:\/\/jorgezanoni.com.br\/2019\/wp-json\/wp\/v2\/posts"}],"about":[{"href":"https:\/\/jorgezanoni.com.br\/2019\/wp-json\/wp\/v2\/types\/post"}],"author":[{"embeddable":true,"href":"https:\/\/jorgezanoni.com.br\/2019\/wp-json\/wp\/v2\/users\/1"}],"replies":[{"embeddable":true,"href":"https:\/\/jorgezanoni.com.br\/2019\/wp-json\/wp\/v2\/comments?post=65025"}],"version-history":[{"count":0,"href":"https:\/\/jorgezanoni.com.br\/2019\/wp-json\/wp\/v2\/posts\/65025\/revisions"}],"wp:featuredmedia":[{"embeddable":true,"href":"https:\/\/jorgezanoni.com.br\/2019\/wp-json\/wp\/v2\/media\/65026"}],"wp:attachment":[{"href":"https:\/\/jorgezanoni.com.br\/2019\/wp-json\/wp\/v2\/media?parent=65025"}],"wp:term":[{"taxonomy":"category","embeddable":true,"href":"https:\/\/jorgezanoni.com.br\/2019\/wp-json\/wp\/v2\/categories?post=65025"},{"taxonomy":"post_tag","embeddable":true,"href":"https:\/\/jorgezanoni.com.br\/2019\/wp-json\/wp\/v2\/tags?post=65025"}],"curies":[{"name":"wp","href":"https:\/\/api.w.org\/{rel}","templated":true}]}}