{"id":64993,"date":"2022-06-13T23:27:07","date_gmt":"2022-06-13T23:27:07","guid":{"rendered":"https:\/\/jorgezanoni.com.br\/2019\/?p=64993"},"modified":"2022-06-13T23:27:07","modified_gmt":"2022-06-13T23:27:07","slug":"vitima-fatal-de-acidente-na-sp-294-tinha-20-anos-e-morava-em-lucelia","status":"publish","type":"post","link":"https:\/\/jorgezanoni.com.br\/2019\/vitima-fatal-de-acidente-na-sp-294-tinha-20-anos-e-morava-em-lucelia\/","title":{"rendered":"V\u00edtima fatal de acidente na SP-294 tinha 20 anos e morava em Luc\u00e9lia"},"content":{"rendered":"<p style=\"text-align: justify;\"><em><strong>Vel\u00f3rio e sepultamento ser\u00e3o realizados nesta ter\u00e7a-feira (14).<\/strong><br \/>\n<\/em><br \/>\nVinicius Baptista, foi a v\u00edtima fatal do acidente ocorrido entre um ve\u00edculo Fiat Uno que dirigia e um caminh\u00e3o, na manh\u00e3 de hoje (13) na Rodovia Comandante Jo\u00e3o Ribeiro de Barros, a SP-294, no trecho entre Luc\u00e9lia e Adamantina, pr\u00f3ximo da Base da Pol\u00edcia Militar Rodovi\u00e1ria.<\/p>\n<p style=\"text-align: justify;\">Ele tinha 20 anos de idade, era funcion\u00e1rio da empresa \u201cMax\u201d e atuava prestando servi\u00e7os terceirizados para a Sabesp no segmento de apura\u00e7\u00e3o de consumo, popularmente conhecido como \u201cleitura\u201d.<\/p>\n<p style=\"text-align: justify;\">Segundo informa\u00e7\u00f5es apurada pelo jornalismo Folha Regional junto \u00e0 empresa Lopes e Lopes de Luc\u00e9lia, respons\u00e1vel pelo vel\u00f3rio de Vinicius, a despedida ter\u00e1 in\u00edcio \u00e0s 7h de amanh\u00e3 (14), em seu memorial localizado na Avenida Internacional.<\/p>\n<p style=\"text-align: justify;\">Fonte: Folha Regional<\/p>\n","protected":false},"excerpt":{"rendered":"<p>Vel\u00f3rio e sepultamento ser\u00e3o realizados nesta ter\u00e7a-feira (14). Vinicius Baptista, foi a v\u00edtima fatal do acidente ocorrido entre um ve\u00edculo Fiat Uno que dirigia e um caminh\u00e3o, na manh\u00e3 de hoje (13) na Rodovia Comandante Jo\u00e3o Ribeiro de Barros, a SP-294, no trecho entre Luc\u00e9lia e Adamantina, pr\u00f3ximo da Base da Pol\u00edcia Militar Rodovi\u00e1ria. Ele [&hellip;]<\/p>\n","protected":false},"author":1,"featured_media":64994,"comment_status":"closed","ping_status":"open","sticky":false,"template":"","format":"standard","meta":{"footnotes":""},"categories":[178,110],"tags":[],"class_list":["post-64993","post","type-post","status-publish","format-standard","has-post-thumbnail","hentry","category-notadefalecimento","category-noticiasdestaque"],"_links":{"self":[{"href":"https:\/\/jorgezanoni.com.br\/2019\/wp-json\/wp\/v2\/posts\/64993","targetHints":{"allow":["GET"]}}],"collection":[{"href":"https:\/\/jorgezanoni.com.br\/2019\/wp-json\/wp\/v2\/posts"}],"about":[{"href":"https:\/\/jorgezanoni.com.br\/2019\/wp-json\/wp\/v2\/types\/post"}],"author":[{"embeddable":true,"href":"https:\/\/jorgezanoni.com.br\/2019\/wp-json\/wp\/v2\/users\/1"}],"replies":[{"embeddable":true,"href":"https:\/\/jorgezanoni.com.br\/2019\/wp-json\/wp\/v2\/comments?post=64993"}],"version-history":[{"count":0,"href":"https:\/\/jorgezanoni.com.br\/2019\/wp-json\/wp\/v2\/posts\/64993\/revisions"}],"wp:featuredmedia":[{"embeddable":true,"href":"https:\/\/jorgezanoni.com.br\/2019\/wp-json\/wp\/v2\/media\/64994"}],"wp:attachment":[{"href":"https:\/\/jorgezanoni.com.br\/2019\/wp-json\/wp\/v2\/media?parent=64993"}],"wp:term":[{"taxonomy":"category","embeddable":true,"href":"https:\/\/jorgezanoni.com.br\/2019\/wp-json\/wp\/v2\/categories?post=64993"},{"taxonomy":"post_tag","embeddable":true,"href":"https:\/\/jorgezanoni.com.br\/2019\/wp-json\/wp\/v2\/tags?post=64993"}],"curies":[{"name":"wp","href":"https:\/\/api.w.org\/{rel}","templated":true}]}}