{"id":64983,"date":"2022-06-13T12:08:30","date_gmt":"2022-06-13T12:08:30","guid":{"rendered":"https:\/\/jorgezanoni.com.br\/2019\/?p=64983"},"modified":"2022-06-13T12:08:30","modified_gmt":"2022-06-13T12:08:30","slug":"acidente-grave-entre-carro-e-caminhao-na-sp-294-mata-uma-pessoa","status":"publish","type":"post","link":"https:\/\/jorgezanoni.com.br\/2019\/acidente-grave-entre-carro-e-caminhao-na-sp-294-mata-uma-pessoa\/","title":{"rendered":"Acidente grave entre carro e caminh\u00e3o na SP-294 mata uma pessoa"},"content":{"rendered":"<p style=\"text-align: justify;\">Est\u00e1 em atendimento pela Pol\u00edcia Militar Rodovi\u00e1ria, Corpo de Bombeiros de Adamantina e Concession\u00e1ria Eixo, um grave acidente na Rodovia Comandante Jo\u00e3o Ribeiro de Barros \u2013 (SP-294) em Adamantina.<\/p>\n<p style=\"text-align: justify;\">As primeiras informa\u00e7\u00f5es s\u00e3o de que um ve\u00edculo Fiat Uno de passeio e um caminh\u00e3o ba\u00fa se envolveram neste acidente registrado cerca de dois quil\u00f4metros da base da Pol\u00edcia Militar Rodovi\u00e1ria.<\/p>\n<p style=\"text-align: justify;\"><img loading=\"lazy\" decoding=\"async\" class=\"aligncenter wp-image-55602 size-full jetpack-lazy-image jetpack-lazy-image--handled\" src=\"https:\/\/i0.wp.com\/ifolharegional.com.br\/wp-content\/uploads\/2022\/06\/ada02.jpg?resize=650%2C381&amp;ssl=1\" sizes=\"auto, (max-width: 650px) 100vw, 650px\" srcset=\"https:\/\/i0.wp.com\/ifolharegional.com.br\/wp-content\/uploads\/2022\/06\/ada02.jpg?w=650&amp;ssl=1 650w, https:\/\/i0.wp.com\/ifolharegional.com.br\/wp-content\/uploads\/2022\/06\/ada02.jpg?resize=300%2C176&amp;ssl=1 300w\" alt=\"\" width=\"650\" height=\"381\" data-attachment-id=\"55602\" data-permalink=\"https:\/\/ifolharegional.com.br\/2022\/06\/13\/acidente-grave-entre-carro-e-caminhao-na-sp-294-mata-uma-pessoa\/ada02\/\" data-orig-file=\"https:\/\/i0.wp.com\/ifolharegional.com.br\/wp-content\/uploads\/2022\/06\/ada02.jpg?fit=650%2C381&amp;ssl=1\" data-orig-size=\"650,381\" data-comments-opened=\"0\" data-image-meta=\"{&quot;aperture&quot;:&quot;0&quot;,&quot;credit&quot;:&quot;&quot;,&quot;camera&quot;:&quot;&quot;,&quot;caption&quot;:&quot;&quot;,&quot;created_timestamp&quot;:&quot;0&quot;,&quot;copyright&quot;:&quot;&quot;,&quot;focal_length&quot;:&quot;0&quot;,&quot;iso&quot;:&quot;0&quot;,&quot;shutter_speed&quot;:&quot;0&quot;,&quot;title&quot;:&quot;&quot;,&quot;orientation&quot;:&quot;1&quot;}\" data-image-title=\"ada02\" data-image-description=\"\" data-image-caption=\"\" data-medium-file=\"https:\/\/i0.wp.com\/ifolharegional.com.br\/wp-content\/uploads\/2022\/06\/ada02.jpg?fit=300%2C176&amp;ssl=1\" data-large-file=\"https:\/\/i0.wp.com\/ifolharegional.com.br\/wp-content\/uploads\/2022\/06\/ada02.jpg?fit=650%2C381&amp;ssl=1\" data-recalc-dims=\"1\" data-lazy-loaded=\"1\" \/><br \/>\nAo chegar no local, as equipes de socorro constaram o \u00f3bito do condutor do Fiat Uno.<\/p>\n<p style=\"text-align: justify;\">Imagens recebidas pelo jornalismo Folha Regional d\u00e3o conta da gravidade da colis\u00e3o.<\/p>\n<p style=\"text-align: justify;\"><img loading=\"lazy\" decoding=\"async\" class=\"aligncenter wp-image-55603 size-full jetpack-lazy-image jetpack-lazy-image--handled\" src=\"https:\/\/i0.wp.com\/ifolharegional.com.br\/wp-content\/uploads\/2022\/06\/ada03.jpg?resize=650%2C376&amp;ssl=1\" sizes=\"auto, (max-width: 650px) 100vw, 650px\" srcset=\"https:\/\/i0.wp.com\/ifolharegional.com.br\/wp-content\/uploads\/2022\/06\/ada03.jpg?w=650&amp;ssl=1 650w, https:\/\/i0.wp.com\/ifolharegional.com.br\/wp-content\/uploads\/2022\/06\/ada03.jpg?resize=300%2C174&amp;ssl=1 300w\" alt=\"\" width=\"650\" height=\"376\" data-attachment-id=\"55603\" data-permalink=\"https:\/\/ifolharegional.com.br\/2022\/06\/13\/acidente-grave-entre-carro-e-caminhao-na-sp-294-mata-uma-pessoa\/ada03\/\" data-orig-file=\"https:\/\/i0.wp.com\/ifolharegional.com.br\/wp-content\/uploads\/2022\/06\/ada03.jpg?fit=650%2C376&amp;ssl=1\" data-orig-size=\"650,376\" data-comments-opened=\"0\" data-image-meta=\"{&quot;aperture&quot;:&quot;0&quot;,&quot;credit&quot;:&quot;&quot;,&quot;camera&quot;:&quot;&quot;,&quot;caption&quot;:&quot;&quot;,&quot;created_timestamp&quot;:&quot;0&quot;,&quot;copyright&quot;:&quot;&quot;,&quot;focal_length&quot;:&quot;0&quot;,&quot;iso&quot;:&quot;0&quot;,&quot;shutter_speed&quot;:&quot;0&quot;,&quot;title&quot;:&quot;&quot;,&quot;orientation&quot;:&quot;1&quot;}\" data-image-title=\"ada03\" data-image-description=\"\" data-image-caption=\"\" data-medium-file=\"https:\/\/i0.wp.com\/ifolharegional.com.br\/wp-content\/uploads\/2022\/06\/ada03.jpg?fit=300%2C174&amp;ssl=1\" data-large-file=\"https:\/\/i0.wp.com\/ifolharegional.com.br\/wp-content\/uploads\/2022\/06\/ada03.jpg?fit=650%2C376&amp;ssl=1\" data-recalc-dims=\"1\" data-lazy-loaded=\"1\" \/><br \/>\nAos motoristas que trafegam pelo local, a indica\u00e7\u00e3o da Pol\u00edcia Militar Rodovi\u00e1ria \u00e9 para que redobrem a aten\u00e7\u00e3o visando evitar novos acidentes, j\u00e1 que o tr\u00e2nsito funciona em sistema de PARE\/SIGA.<\/p>\n<p style=\"text-align: justify;\">Nossa reportagem segue acompanhando a situa\u00e7\u00e3o e assim que houver novas atualiza\u00e7\u00f5es sobre o acidente, traremos aos internautas.<\/p>\n<p style=\"text-align: justify;\">Fonte: Folha Regional<\/p>\n","protected":false},"excerpt":{"rendered":"<p>Est\u00e1 em atendimento pela Pol\u00edcia Militar Rodovi\u00e1ria, Corpo de Bombeiros de Adamantina e Concession\u00e1ria Eixo, um grave acidente na Rodovia Comandante Jo\u00e3o Ribeiro de Barros \u2013 (SP-294) em Adamantina. As primeiras informa\u00e7\u00f5es s\u00e3o de que um ve\u00edculo Fiat Uno de passeio e um caminh\u00e3o ba\u00fa se envolveram neste acidente registrado cerca de dois quil\u00f4metros da [&hellip;]<\/p>\n","protected":false},"author":1,"featured_media":64984,"comment_status":"closed","ping_status":"open","sticky":false,"template":"","format":"standard","meta":{"footnotes":""},"categories":[170,110],"tags":[],"class_list":["post-64983","post","type-post","status-publish","format-standard","has-post-thumbnail","hentry","category-acidentes","category-noticiasdestaque"],"_links":{"self":[{"href":"https:\/\/jorgezanoni.com.br\/2019\/wp-json\/wp\/v2\/posts\/64983","targetHints":{"allow":["GET"]}}],"collection":[{"href":"https:\/\/jorgezanoni.com.br\/2019\/wp-json\/wp\/v2\/posts"}],"about":[{"href":"https:\/\/jorgezanoni.com.br\/2019\/wp-json\/wp\/v2\/types\/post"}],"author":[{"embeddable":true,"href":"https:\/\/jorgezanoni.com.br\/2019\/wp-json\/wp\/v2\/users\/1"}],"replies":[{"embeddable":true,"href":"https:\/\/jorgezanoni.com.br\/2019\/wp-json\/wp\/v2\/comments?post=64983"}],"version-history":[{"count":0,"href":"https:\/\/jorgezanoni.com.br\/2019\/wp-json\/wp\/v2\/posts\/64983\/revisions"}],"wp:featuredmedia":[{"embeddable":true,"href":"https:\/\/jorgezanoni.com.br\/2019\/wp-json\/wp\/v2\/media\/64984"}],"wp:attachment":[{"href":"https:\/\/jorgezanoni.com.br\/2019\/wp-json\/wp\/v2\/media?parent=64983"}],"wp:term":[{"taxonomy":"category","embeddable":true,"href":"https:\/\/jorgezanoni.com.br\/2019\/wp-json\/wp\/v2\/categories?post=64983"},{"taxonomy":"post_tag","embeddable":true,"href":"https:\/\/jorgezanoni.com.br\/2019\/wp-json\/wp\/v2\/tags?post=64983"}],"curies":[{"name":"wp","href":"https:\/\/api.w.org\/{rel}","templated":true}]}}