{"id":6498,"date":"2019-09-17T15:54:47","date_gmt":"2019-09-17T15:54:47","guid":{"rendered":"https:\/\/jorgezanoni.com.br\/2019\/?p=6498"},"modified":"2019-09-17T15:54:47","modified_gmt":"2019-09-17T15:54:47","slug":"ocr-e-radar-estao-sendo-instalados-no-km-646-da-sp-294-proximo-a-dracena","status":"publish","type":"post","link":"https:\/\/jorgezanoni.com.br\/2019\/ocr-e-radar-estao-sendo-instalados-no-km-646-da-sp-294-proximo-a-dracena\/","title":{"rendered":"OCR e Radar est\u00e3o sendo instalados no Km. 646 da SP-294 pr\u00f3ximo a Dracena"},"content":{"rendered":"<p>OCR (Detecta ve\u00edculos com documenta\u00e7\u00e3o irregular) e Radar, est\u00e3o sendo instalados no KM 646 em Dracena, h\u00e1 aproximadamente 300 metros do Radar h\u00e1 existente.<\/p>\n<p>O OCR est\u00e1 sendo instalado nos dois sentidos com dist\u00e2ncia de 100 metros um do outro, j\u00e1 o Radar vai penalizar s\u00f3 que faz o sentido Junqueir\u00f3polis a Dracena. O sentido inverso est\u00e1 liberado.<\/p>\n<div id=\"fb-root\"><\/div>\n<p><script async=\"1\" defer=\"1\" crossorigin=\"anonymous\" src=\"https:\/\/connect.facebook.net\/en_US\/sdk.js#xfbml=1&amp;version=v4.0\"><\/script><\/p>\n<div class=\"fb-video\" data-href=\"https:\/\/www.facebook.com\/jorgezanonidracena\/videos\/676030852882891\/\" data-width=\"696\">\n<blockquote cite=\"https:\/\/www.facebook.com\/jorgezanonidracena\/videos\/676030852882891\/\" class=\"fb-xfbml-parse-ignore\"><p><a href=\"https:\/\/www.facebook.com\/jorgezanonidracena\/videos\/676030852882891\/\">OCR (Detecta ve\u00edculos com documenta\u00e7\u00e3o irregular) e Radar, est\u00e3o sendo instalados no KM 646 em Dracena, h\u00e1 aproximadamente 300 metros do Radar h\u00e1 existente. 17\/09\/19<\/a><\/p>\n<p>OCR (Detecta ve\u00edculos com documenta\u00e7\u00e3o irregular) e Radar, est\u00e3o sendo instalados no KM 646 em Dracena, h\u00e1 aproximadamente 300 metros do Radar h\u00e1 existente. 17\/09\/19<\/p>\n<p>Posted by <a href=\"https:\/\/www.facebook.com\/jorgezanonidracena\/\">Jorge Zanoni<\/a> on Tuesday, September 17, 2019<\/p><\/blockquote>\n<\/div>\n","protected":false},"excerpt":{"rendered":"<p>OCR (Detecta ve\u00edculos com documenta\u00e7\u00e3o irregular) e Radar, est\u00e3o sendo instalados no KM 646 em Dracena, h\u00e1 aproximadamente 300 metros do Radar h\u00e1 existente. O OCR est\u00e1 sendo instalado nos dois sentidos com dist\u00e2ncia de 100 metros um do outro, j\u00e1 o Radar vai penalizar s\u00f3 que faz o sentido Junqueir\u00f3polis a Dracena. O sentido [&hellip;]<\/p>\n","protected":false},"author":1,"featured_media":6499,"comment_status":"closed","ping_status":"open","sticky":false,"template":"","format":"video","meta":{"footnotes":""},"categories":[169],"tags":[],"class_list":["post-6498","post","type-post","status-publish","format-video","has-post-thumbnail","hentry","category-videos","post_format-post-format-video"],"_links":{"self":[{"href":"https:\/\/jorgezanoni.com.br\/2019\/wp-json\/wp\/v2\/posts\/6498","targetHints":{"allow":["GET"]}}],"collection":[{"href":"https:\/\/jorgezanoni.com.br\/2019\/wp-json\/wp\/v2\/posts"}],"about":[{"href":"https:\/\/jorgezanoni.com.br\/2019\/wp-json\/wp\/v2\/types\/post"}],"author":[{"embeddable":true,"href":"https:\/\/jorgezanoni.com.br\/2019\/wp-json\/wp\/v2\/users\/1"}],"replies":[{"embeddable":true,"href":"https:\/\/jorgezanoni.com.br\/2019\/wp-json\/wp\/v2\/comments?post=6498"}],"version-history":[{"count":0,"href":"https:\/\/jorgezanoni.com.br\/2019\/wp-json\/wp\/v2\/posts\/6498\/revisions"}],"wp:featuredmedia":[{"embeddable":true,"href":"https:\/\/jorgezanoni.com.br\/2019\/wp-json\/wp\/v2\/media\/6499"}],"wp:attachment":[{"href":"https:\/\/jorgezanoni.com.br\/2019\/wp-json\/wp\/v2\/media?parent=6498"}],"wp:term":[{"taxonomy":"category","embeddable":true,"href":"https:\/\/jorgezanoni.com.br\/2019\/wp-json\/wp\/v2\/categories?post=6498"},{"taxonomy":"post_tag","embeddable":true,"href":"https:\/\/jorgezanoni.com.br\/2019\/wp-json\/wp\/v2\/tags?post=6498"}],"curies":[{"name":"wp","href":"https:\/\/api.w.org\/{rel}","templated":true}]}}