{"id":6495,"date":"2019-09-17T15:24:07","date_gmt":"2019-09-17T15:24:07","guid":{"rendered":"https:\/\/jorgezanoni.com.br\/2019\/?p=6495"},"modified":"2019-09-17T15:24:07","modified_gmt":"2019-09-17T15:24:07","slug":"rapaz-acusado-de-roubo-e-preso-e-comete-suicidio-dentro-de-cela-em-dracena","status":"publish","type":"post","link":"https:\/\/jorgezanoni.com.br\/2019\/rapaz-acusado-de-roubo-e-preso-e-comete-suicidio-dentro-de-cela-em-dracena\/","title":{"rendered":"Rapaz acusado de roubo \u00e9 preso e comete suic\u00eddio dentro de cela em Dracena"},"content":{"rendered":"<p style=\"text-align: justify;\"><strong>Delegado Feres Cury Caran falou \u00e0 reportagem do Site JZ. VEJA EM V\u00cdDEO: (https:\/\/www.facebook.com\/jorgezanonidracena\/videos\/715979108814002\/<\/strong><\/p>\n<p style=\"text-align: justify;\">Jos\u00e9 Antonio Carvalho Moraes de 30 anos, acusado de roubar celulares de 4 jovens no \u00faltimo s\u00e1bado (14) \u00e0 tarde na Pra\u00e7a Rotary mediante amea\u00e7a com Arma de Fogo, foi detido na noite de domingo e solto porque n\u00e3o houve flagrante, ontem a tarde foi expedido mandado de pris\u00e3o pela Justi\u00e7a contra ele, acabando sendo preso novamente e nesta madrugada cometeu suic\u00eddio na cela que estava preso.<\/p>\n<p style=\"text-align: justify;\">Segundo informa\u00e7\u00f5es do Delegado que ainda apurava os fatos no momento da entrevista,\u00a0 quando foram fazer a vistoria de rotina na na cela, o rapaz que era estudante de medicina e havia trancado matr\u00edcula, morador de uma rep\u00fablica na rua 8 de dezembro, proximidades da Escola 9 de Julho, j\u00e1 estava em \u00f3bito<\/p>\n<p style=\"text-align: justify;\">Ele teria cortado uma tira de um cobertor e cometido o suic\u00eddio na grade da cela onde estava detido. Hoje seria transferido para uma unidade prisional da regi\u00e3o.<\/p>\n<p style=\"text-align: justify;\">A Pol\u00edcia Civil dever\u00e1 enviar uma nota oficial para a Imprensa ainda na tarde de hoje. A UNIFADRA\/FUNDEC, local que o rapaz estudou at\u00e9 o in\u00edcio desse m\u00eas tamb\u00e9m divulgou mat\u00e9ria, veja abaixo:<\/p>\n<p style=\"text-align: justify;\">LUTO: &#8220;Com pesar, a Unifadra\/Fundec comunica o falecimento do ex-aluno do curso de Medicina Jos\u00e9 Ant\u00f4nio Carvalho de Moraes em Dracena. Ele foi aluno da nossa institui\u00e7\u00e3o at\u00e9 o in\u00edcio deste m\u00eas. Nossos profundos sentimentos a todos os amigos e familiares&#8221;.<\/p>\n<p style=\"text-align: justify;\">O Site JZ havia publicado em primeira m\u00e3o e com exclusividade o roubo, inclusive com imagens de c\u00e2meras cedidas, veja no link: https:\/\/jorgezanoni.com.br\/2019\/2019\/09\/14\/garotos-sao-alvos-de-bandidos-na-praca-rotary-e-tem-celulares-roubados\/<\/p>\n<p style=\"text-align: justify;\">Jorge Zanoni<\/p>\n<p style=\"text-align: justify;\">Imagem Facebook<\/p>\n<p>&nbsp;<\/p>\n<p>&nbsp;<\/p>\n<p>&nbsp;<\/p>\n<div id=\"taboola-below-article-thumbnails\" class=\" trc_related_container trc_spotlight_widget tbl-feed-container tbl-feed-frame-DIVIDER  render-late-effect\" data-feed-container-num=\"1\" data-feed-main-container-id=\"taboola-below-article-thumbnails\" data-parent-placement-name=\"Below Article Thumbnails\" data-pub-lang=\"pt\">\n<div class=\" tbl-feed-header tbl-logo-right-position\">\n<div class=\"tbl-feed-header-logo\"><\/div>\n<\/div>\n<div id=\"taboola-below-article-thumbnails-pl1\" class=\" trc_related_container trc_spotlight_widget trc_elastic trc_elastic_organic-thumbs-feed-01-c  tbl-feed-card \" data-card-index=\"1\" data-batch-num=\"1\" data-placement-name=\"Below Article Thumbnails | Card 1\">\n<div class=\"trc_rbox_container\">\n<div>\n<div id=\"trc_wrapper_67383\" class=\"trc_rbox organic-thumbs-feed-01-c trc-content-organic \">\n<div id=\"outer_67383\" class=\"trc_rbox_outer\">\n<div id=\"rbox-t2v\" class=\"trc_rbox_div trc_rbox_border_elm\">\n<div id=\"internal_trc_67383\">\n<div class=\"videoCube trc_spotlight_item origin-default thumbnail_top textItem videoCube_1_child trc-first-recommendation trc-spotlight-first-recommendation  trc_excludable \" data-item-id=\"7248702607868040570\" data-item-title=\"Homem \u00e9 esfaqueado no Centro de Prudente\" data-item-thumb=\"https:\/\/portalregional.net.br\/wp-content\/uploads\/2019\/06\/policia-24h-1024x623-1.jpg\" data-item-syndicated=\"false\"><\/div>\n<\/div>\n<\/div>\n<\/div>\n<\/div>\n<\/div>\n<\/div>\n<\/div>\n<\/div>\n","protected":false},"excerpt":{"rendered":"<p>Delegado Feres Cury Caran falou \u00e0 reportagem do Site JZ. VEJA EM V\u00cdDEO: (https:\/\/www.facebook.com\/jorgezanonidracena\/videos\/715979108814002\/ Jos\u00e9 Antonio Carvalho Moraes de 30 anos, acusado de roubar celulares de 4 jovens no \u00faltimo s\u00e1bado (14) \u00e0 tarde na Pra\u00e7a Rotary mediante amea\u00e7a com Arma de Fogo, foi detido na noite de domingo e solto porque n\u00e3o houve flagrante, [&hellip;]<\/p>\n","protected":false},"author":1,"featured_media":6496,"comment_status":"closed","ping_status":"open","sticky":false,"template":"","format":"standard","meta":{"footnotes":""},"categories":[110,2],"tags":[],"class_list":["post-6495","post","type-post","status-publish","format-standard","has-post-thumbnail","hentry","category-noticiasdestaque","category-policial"],"_links":{"self":[{"href":"https:\/\/jorgezanoni.com.br\/2019\/wp-json\/wp\/v2\/posts\/6495","targetHints":{"allow":["GET"]}}],"collection":[{"href":"https:\/\/jorgezanoni.com.br\/2019\/wp-json\/wp\/v2\/posts"}],"about":[{"href":"https:\/\/jorgezanoni.com.br\/2019\/wp-json\/wp\/v2\/types\/post"}],"author":[{"embeddable":true,"href":"https:\/\/jorgezanoni.com.br\/2019\/wp-json\/wp\/v2\/users\/1"}],"replies":[{"embeddable":true,"href":"https:\/\/jorgezanoni.com.br\/2019\/wp-json\/wp\/v2\/comments?post=6495"}],"version-history":[{"count":0,"href":"https:\/\/jorgezanoni.com.br\/2019\/wp-json\/wp\/v2\/posts\/6495\/revisions"}],"wp:featuredmedia":[{"embeddable":true,"href":"https:\/\/jorgezanoni.com.br\/2019\/wp-json\/wp\/v2\/media\/6496"}],"wp:attachment":[{"href":"https:\/\/jorgezanoni.com.br\/2019\/wp-json\/wp\/v2\/media?parent=6495"}],"wp:term":[{"taxonomy":"category","embeddable":true,"href":"https:\/\/jorgezanoni.com.br\/2019\/wp-json\/wp\/v2\/categories?post=6495"},{"taxonomy":"post_tag","embeddable":true,"href":"https:\/\/jorgezanoni.com.br\/2019\/wp-json\/wp\/v2\/tags?post=6495"}],"curies":[{"name":"wp","href":"https:\/\/api.w.org\/{rel}","templated":true}]}}