{"id":64947,"date":"2022-06-12T14:56:50","date_gmt":"2022-06-12T14:56:50","guid":{"rendered":"https:\/\/jorgezanoni.com.br\/2019\/?p=64947"},"modified":"2022-06-12T14:56:50","modified_gmt":"2022-06-12T14:56:50","slug":"estacionamento-exclusivo-para-farmacia-deve-voltar-em-dracena","status":"publish","type":"post","link":"https:\/\/jorgezanoni.com.br\/2019\/estacionamento-exclusivo-para-farmacia-deve-voltar-em-dracena\/","title":{"rendered":"Estacionamento exclusivo para Farm\u00e1cia deve voltar em Dracena"},"content":{"rendered":"<p style=\"text-align: justify;\"><strong>Depois de muitas conversas, parece que est\u00e1 havendo um entendimento e o estacionamento exclusivo para as Farm\u00e1cias de Dracena deve voltar.<\/strong><\/p>\n<p style=\"text-align: justify;\">O interessante \u00e9 que a Secretaria de Obras atrav\u00e9s de of\u00edcio enviado pelo MP \u00e0 Prefeitura, teve um m\u00eas para executar os servi\u00e7os e deixou para a \u00faltima hora.<\/p>\n<p style=\"text-align: justify;\">N\u00e3o bastasse isso, foi perdido tempo com funcion\u00e1rios, ve\u00edculos e material. S\u00e3o coisas que o mun\u00edcipe acaba ficando indignado, pois \u00e9 dinheiro gasto sem necessidade.<\/p>\n<p style=\"text-align: justify;\">Seria interessante que decis\u00f5es fossem tomadas em definitivo para que esse tipo de coisa n\u00e3o aconte\u00e7a.<\/p>\n<p>Parab\u00e9ns aos envolvidos por fazer prevalecer o bom censo.<\/p>\n<p style=\"text-align: justify;\">Jorge Zanoni<\/p>\n<p style=\"text-align: justify;\">VEJA O OF\u00cdCIO ENVIADO PELO MP A PREFEITURA, REVENDO A SITUA\u00c7\u00c3O:<\/p>\n<p><a href=\"https:\/\/jorgezanoni.com.br\/2019\/wp-content\/uploads\/2022\/06\/MP.pdf\">MP<\/a><\/p>\n<p style=\"text-align: justify;\">Dracena, 10 de junho de 2022.<br \/>\nOf\u00edcio n\u00ba 073\uf02f2022 \u2013 1\u00aa PJ<br \/>\nExcelent\u00edssimo Senhor:<br \/>\nPelo presente, tenho a honra de cumprimentar Vossa Excel\u00eancia e, diante de not\u00edcia da retirada pela Prefeitura das faixas de estacionamento exclusivas existentes na via p\u00fablica do munic\u00edpio, em complemento \u00e0 Recomenda\u00e7\u00e3o Administrativa contida no Of\u00edcio n\u00ba 058\/2022, recomendo a Vossa Excel\u00eancia que seja observado o disposto na Resolu\u00e7\u00e3o CONTRAN n\u00ba 965 de 17 de maio de 2022, artigo 5\u00ba, incisos I e XVIII, da Lei Org\u00e2nica do Munic\u00edpio de Dracena, artigo 24 da Lei n\u00ba 9.503\/1997 (C\u00f3digo de Tr\u00e2nsito), e artigo 30,<br \/>\ninciso I, da Constitui\u00e7\u00e3o Federal, regulamentando pelo Poder P\u00fablico Municipal a cria\u00e7\u00e3o e o uso dessas vagas, sobretudo daquelas localizadas em frente a farm\u00e1cias e cong\u00eaneres, a fim de n\u00e3o acarretar transtornos a idosos, enfermos, pessoas com defici\u00eancia.<br \/>\nSem mais para o momento, reitero a Vossa Excel\u00eancia protestos de elevada estima e distinta considera\u00e7\u00e3o.<\/p>\n<p style=\"text-align: justify;\">Assina o Dr. Antonio Simini Jr. 1\u00ba Promotor de Justi\u00e7a<\/p>\n<p style=\"text-align: justify;\">Exmo. Sr.<br \/>\nANDR\u00c9 KOZAN LEMOS<br \/>\nDD. PREFEITO MUNICIPAL DE DRACENA<br \/>\nDRACENA &#8211; SP<\/p>\n","protected":false},"excerpt":{"rendered":"<p>Depois de muitas conversas, parece que est\u00e1 havendo um entendimento e o estacionamento exclusivo para as Farm\u00e1cias de Dracena deve voltar. O interessante \u00e9 que a Secretaria de Obras atrav\u00e9s de of\u00edcio enviado pelo MP \u00e0 Prefeitura, teve um m\u00eas para executar os servi\u00e7os e deixou para a \u00faltima hora. N\u00e3o bastasse isso, foi perdido [&hellip;]<\/p>\n","protected":false},"author":1,"featured_media":64949,"comment_status":"closed","ping_status":"open","sticky":false,"template":"","format":"standard","meta":{"footnotes":""},"categories":[179,184,180,110],"tags":[],"class_list":["post-64947","post","type-post","status-publish","format-standard","has-post-thumbnail","hentry","category-cidadeseregiao","category-dracena","category-estradastransitoveiculos","category-noticiasdestaque"],"_links":{"self":[{"href":"https:\/\/jorgezanoni.com.br\/2019\/wp-json\/wp\/v2\/posts\/64947","targetHints":{"allow":["GET"]}}],"collection":[{"href":"https:\/\/jorgezanoni.com.br\/2019\/wp-json\/wp\/v2\/posts"}],"about":[{"href":"https:\/\/jorgezanoni.com.br\/2019\/wp-json\/wp\/v2\/types\/post"}],"author":[{"embeddable":true,"href":"https:\/\/jorgezanoni.com.br\/2019\/wp-json\/wp\/v2\/users\/1"}],"replies":[{"embeddable":true,"href":"https:\/\/jorgezanoni.com.br\/2019\/wp-json\/wp\/v2\/comments?post=64947"}],"version-history":[{"count":0,"href":"https:\/\/jorgezanoni.com.br\/2019\/wp-json\/wp\/v2\/posts\/64947\/revisions"}],"wp:featuredmedia":[{"embeddable":true,"href":"https:\/\/jorgezanoni.com.br\/2019\/wp-json\/wp\/v2\/media\/64949"}],"wp:attachment":[{"href":"https:\/\/jorgezanoni.com.br\/2019\/wp-json\/wp\/v2\/media?parent=64947"}],"wp:term":[{"taxonomy":"category","embeddable":true,"href":"https:\/\/jorgezanoni.com.br\/2019\/wp-json\/wp\/v2\/categories?post=64947"},{"taxonomy":"post_tag","embeddable":true,"href":"https:\/\/jorgezanoni.com.br\/2019\/wp-json\/wp\/v2\/tags?post=64947"}],"curies":[{"name":"wp","href":"https:\/\/api.w.org\/{rel}","templated":true}]}}