{"id":6491,"date":"2019-09-17T14:38:02","date_gmt":"2019-09-17T14:38:02","guid":{"rendered":"https:\/\/jorgezanoni.com.br\/2019\/?p=6491"},"modified":"2019-09-17T14:38:02","modified_gmt":"2019-09-17T14:38:02","slug":"rapaz-comete-suicidio-dentro-de-cela-em-cadeia-de-dracena","status":"publish","type":"post","link":"https:\/\/jorgezanoni.com.br\/2019\/rapaz-comete-suicidio-dentro-de-cela-em-cadeia-de-dracena\/","title":{"rendered":"Rapaz comete suic\u00eddio dentro de cela em cadeia de Dracena"},"content":{"rendered":"<p>Jos\u00e9 Antonio Carvalho Moraes de 30 anos cometeu suic\u00eddio na Cadeia P\u00fablica de Dracena. Era o suspeito de ter roubado os celulares de 4 garotos no s\u00e1bado (14), na Pra\u00e7a Rotary. 17\/09\/19<\/p>\n<div id=\"fb-root\"><\/div>\n<p><script async=\"1\" defer=\"1\" crossorigin=\"anonymous\" src=\"https:\/\/connect.facebook.net\/en_US\/sdk.js#xfbml=1&amp;version=v4.0\"><\/script><\/p>\n<div class=\"fb-video\" data-href=\"https:\/\/www.facebook.com\/jorgezanonidracena\/videos\/715979108814002\/\" data-width=\"696\">\n<blockquote cite=\"https:\/\/www.facebook.com\/jorgezanonidracena\/videos\/715979108814002\/\" class=\"fb-xfbml-parse-ignore\"><p><a href=\"https:\/\/www.facebook.com\/jorgezanonidracena\/videos\/715979108814002\/\"><\/a><\/p>\n<p>Jos\u00e9 Antonio Carvalho Moraes de 30 anos cometeu suic\u00eddio na Cadeia P\u00fablica de Dracena. Era o suspeito de ter roubado os celulares de 4 garotos no s\u00e1bado (14), na Pra\u00e7a Rotary. 17\/09\/19<\/p>\n<p>Posted by <a href=\"https:\/\/www.facebook.com\/jorgezanonidracena\/\">Jorge Zanoni<\/a> on Tuesday, September 17, 2019<\/p><\/blockquote>\n<\/div>\n","protected":false},"excerpt":{"rendered":"<p>Jos\u00e9 Antonio Carvalho Moraes de 30 anos cometeu suic\u00eddio na Cadeia P\u00fablica de Dracena. Era o suspeito de ter roubado os celulares de 4 garotos no s\u00e1bado (14), na Pra\u00e7a Rotary. 17\/09\/19 Jos\u00e9 Antonio Carvalho Moraes de 30 anos cometeu suic\u00eddio na Cadeia P\u00fablica de Dracena. Era o suspeito de ter roubado os celulares de [&hellip;]<\/p>\n","protected":false},"author":1,"featured_media":6492,"comment_status":"closed","ping_status":"open","sticky":false,"template":"","format":"video","meta":{"footnotes":""},"categories":[169],"tags":[],"class_list":["post-6491","post","type-post","status-publish","format-video","has-post-thumbnail","hentry","category-videos","post_format-post-format-video"],"_links":{"self":[{"href":"https:\/\/jorgezanoni.com.br\/2019\/wp-json\/wp\/v2\/posts\/6491","targetHints":{"allow":["GET"]}}],"collection":[{"href":"https:\/\/jorgezanoni.com.br\/2019\/wp-json\/wp\/v2\/posts"}],"about":[{"href":"https:\/\/jorgezanoni.com.br\/2019\/wp-json\/wp\/v2\/types\/post"}],"author":[{"embeddable":true,"href":"https:\/\/jorgezanoni.com.br\/2019\/wp-json\/wp\/v2\/users\/1"}],"replies":[{"embeddable":true,"href":"https:\/\/jorgezanoni.com.br\/2019\/wp-json\/wp\/v2\/comments?post=6491"}],"version-history":[{"count":0,"href":"https:\/\/jorgezanoni.com.br\/2019\/wp-json\/wp\/v2\/posts\/6491\/revisions"}],"wp:featuredmedia":[{"embeddable":true,"href":"https:\/\/jorgezanoni.com.br\/2019\/wp-json\/wp\/v2\/media\/6492"}],"wp:attachment":[{"href":"https:\/\/jorgezanoni.com.br\/2019\/wp-json\/wp\/v2\/media?parent=6491"}],"wp:term":[{"taxonomy":"category","embeddable":true,"href":"https:\/\/jorgezanoni.com.br\/2019\/wp-json\/wp\/v2\/categories?post=6491"},{"taxonomy":"post_tag","embeddable":true,"href":"https:\/\/jorgezanoni.com.br\/2019\/wp-json\/wp\/v2\/tags?post=6491"}],"curies":[{"name":"wp","href":"https:\/\/api.w.org\/{rel}","templated":true}]}}