{"id":6488,"date":"2019-09-17T01:48:17","date_gmt":"2019-09-17T01:48:17","guid":{"rendered":"https:\/\/jorgezanoni.com.br\/2019\/?p=6488"},"modified":"2019-09-17T01:48:17","modified_gmt":"2019-09-17T01:48:17","slug":"hipertensos-e-diabeticos-participam-do-programa-viva-a-vida-da-unifadra-fundec-e-prefeitura-de-dracena","status":"publish","type":"post","link":"https:\/\/jorgezanoni.com.br\/2019\/hipertensos-e-diabeticos-participam-do-programa-viva-a-vida-da-unifadra-fundec-e-prefeitura-de-dracena\/","title":{"rendered":"Hipertensos e diab\u00e9ticos participam do programa Viva a Vida da Unifadra\/Fundec e Prefeitura de Dracena"},"content":{"rendered":"<p style=\"font-weight: 400; text-align: justify;\">Os alunos dos cursos de Educa\u00e7\u00e3o F\u00edsica e de Enfermagem da Unifadra\/Fundec e a Prefeitura de Dracena realizam o programa gratuito Viva a Vida, que conta com atividades f\u00edsicas para hipertensos e diab\u00e9ticos. Os exerc\u00edcios s\u00e3o realizados \u00e0s ter\u00e7as e quintas-feiras, no per\u00edodo da manh\u00e3, nos espa\u00e7os cedidos pelo munic\u00edpio: Jardim Brasil\u00e2ndia &#8211; quadra &#8220;Francisco de Assis&#8221;; Dovilho Moura, CSU e ESF do Jardim Jussara.<br \/>\nSegundo a Profa. Dra. Denise Bueno, coordenadora do programa na Unifadra\/Fundec, para se inscrever, o interessado deve procurar os locais onde as atividades s\u00e3o realizadas e receber\u00e1 todas as orienta\u00e7\u00f5es. Posteriormente, deve ir at\u00e9 o Centro de Sa\u00fade para que o m\u00e9dico fa\u00e7a uma avalia\u00e7\u00e3o antes do in\u00edcio das atividades do programa. Ainda de acordo com a docente, todos os participantes s\u00e3o monitorados e passam por avalia\u00e7\u00e3o f\u00edsica, funcional e fisiol\u00f3gica. &#8220;Esses dados servem de par\u00e2metros para estrutura\u00e7\u00e3o das aulas e, ao final do ano, os estagi\u00e1rios, alunos de Educa\u00e7\u00e3o F\u00edsica e de Enfermagem analisam os resultados do exerc\u00edcio f\u00edsico na patologia e na condi\u00e7\u00e3o de sa\u00fade e publicam em meio acad\u00eamico&#8221;, explicou.<br \/>\nOs professores Ma. Eunice Nelli, Anderson Lecca, Jos\u00e9 Augusto Camuci e Aline Siqueira tamb\u00e9m fazem parte da equipe que realiza as atividades do projeto na Unifadra. Denise Bueno ressaltou que programas que promovem a pr\u00e1tica de atividade f\u00edsica t\u00eam sido uma \u00f3tima op\u00e7\u00e3o de tratamento n\u00e3o farmacol\u00f3gico para doen\u00e7as cr\u00f4nicas, no sentido de minimizar as consequ\u00eancias naturais do envelhecimento e os riscos de doen\u00e7a cardiovascular como diabetes e hipertens\u00e3o, que atingem grande parcela da popula\u00e7\u00e3o.<\/p>\n<p><strong>Hor\u00e1rios das atividades do Viva a Vida:<\/strong><br \/>\nJardim Brasil\u00e2ndia &#8211; quadra &#8220;Francisco de Assis&#8221; &#8211; ter\u00e7a e quinta das 7h \u00e0s 8h<br \/>\nGin\u00e1sio de Esportes Dovilho Moura &#8211; ter\u00e7a e quinta das 8h \u00e0s 9h<br \/>\nCSU (Plimec) &#8211; ter\u00e7a e quinta das 8h \u00e0s 9h<br \/>\nESF do Jardim Jussara &#8211; ter\u00e7a e quinta das 7h \u00e0s 8h<\/p>\n<p style=\"font-weight: 400; text-align: justify;\">Carolina Colnago<\/p>\n<p style=\"font-weight: 400; text-align: justify;\">Assessora de Comunica\u00e7\u00e3o da Fundec &#8211; Jornalista<\/p>\n","protected":false},"excerpt":{"rendered":"<p>Os alunos dos cursos de Educa\u00e7\u00e3o F\u00edsica e de Enfermagem da Unifadra\/Fundec e a Prefeitura de Dracena realizam o programa gratuito Viva a Vida, que conta com atividades f\u00edsicas para hipertensos e diab\u00e9ticos. Os exerc\u00edcios s\u00e3o realizados \u00e0s ter\u00e7as e quintas-feiras, no per\u00edodo da manh\u00e3, nos espa\u00e7os cedidos pelo munic\u00edpio: Jardim Brasil\u00e2ndia &#8211; quadra &#8220;Francisco [&hellip;]<\/p>\n","protected":false},"author":1,"featured_media":6489,"comment_status":"closed","ping_status":"open","sticky":false,"template":"","format":"standard","meta":{"footnotes":""},"categories":[110,122],"tags":[],"class_list":["post-6488","post","type-post","status-publish","format-standard","has-post-thumbnail","hentry","category-noticiasdestaque","category-saudeeducacaoeconcurso"],"_links":{"self":[{"href":"https:\/\/jorgezanoni.com.br\/2019\/wp-json\/wp\/v2\/posts\/6488","targetHints":{"allow":["GET"]}}],"collection":[{"href":"https:\/\/jorgezanoni.com.br\/2019\/wp-json\/wp\/v2\/posts"}],"about":[{"href":"https:\/\/jorgezanoni.com.br\/2019\/wp-json\/wp\/v2\/types\/post"}],"author":[{"embeddable":true,"href":"https:\/\/jorgezanoni.com.br\/2019\/wp-json\/wp\/v2\/users\/1"}],"replies":[{"embeddable":true,"href":"https:\/\/jorgezanoni.com.br\/2019\/wp-json\/wp\/v2\/comments?post=6488"}],"version-history":[{"count":0,"href":"https:\/\/jorgezanoni.com.br\/2019\/wp-json\/wp\/v2\/posts\/6488\/revisions"}],"wp:featuredmedia":[{"embeddable":true,"href":"https:\/\/jorgezanoni.com.br\/2019\/wp-json\/wp\/v2\/media\/6489"}],"wp:attachment":[{"href":"https:\/\/jorgezanoni.com.br\/2019\/wp-json\/wp\/v2\/media?parent=6488"}],"wp:term":[{"taxonomy":"category","embeddable":true,"href":"https:\/\/jorgezanoni.com.br\/2019\/wp-json\/wp\/v2\/categories?post=6488"},{"taxonomy":"post_tag","embeddable":true,"href":"https:\/\/jorgezanoni.com.br\/2019\/wp-json\/wp\/v2\/tags?post=6488"}],"curies":[{"name":"wp","href":"https:\/\/api.w.org\/{rel}","templated":true}]}}