{"id":6481,"date":"2019-09-17T01:32:36","date_gmt":"2019-09-17T01:32:36","guid":{"rendered":"https:\/\/jorgezanoni.com.br\/2019\/?p=6481"},"modified":"2019-09-17T01:34:39","modified_gmt":"2019-09-17T01:34:39","slug":"6481","status":"publish","type":"post","link":"https:\/\/jorgezanoni.com.br\/2019\/6481\/","title":{"rendered":"O REI LE\u00c3O: Anglo Cultura 2019 encanta p\u00fablico"},"content":{"rendered":"<p><img loading=\"lazy\" decoding=\"async\" class=\"alignnone size-full wp-image-6482\" src=\"https:\/\/jorgezanoni.com.br\/2019\/wp-content\/uploads\/2019\/09\/fundec.jpg\" alt=\"\" width=\"2044\" height=\"1363\" srcset=\"https:\/\/jorgezanoni.com.br\/2019\/wp-content\/uploads\/2019\/09\/fundec.jpg 2044w, https:\/\/jorgezanoni.com.br\/2019\/wp-content\/uploads\/2019\/09\/fundec-300x200.jpg 300w, https:\/\/jorgezanoni.com.br\/2019\/wp-content\/uploads\/2019\/09\/fundec-768x512.jpg 768w, https:\/\/jorgezanoni.com.br\/2019\/wp-content\/uploads\/2019\/09\/fundec-1024x683.jpg 1024w, https:\/\/jorgezanoni.com.br\/2019\/wp-content\/uploads\/2019\/09\/fundec-696x464.jpg 696w, https:\/\/jorgezanoni.com.br\/2019\/wp-content\/uploads\/2019\/09\/fundec-1068x712.jpg 1068w, https:\/\/jorgezanoni.com.br\/2019\/wp-content\/uploads\/2019\/09\/fundec-630x420.jpg 630w\" sizes=\"auto, (max-width: 2044px) 100vw, 2044px\" \/><\/p>\n<p style=\"font-weight: 400; text-align: justify;\">Uma noite de emo\u00e7\u00e3o: assim foi o espet\u00e1culo O Rei Le\u00e3o, do AngloCultura 2019, realizado pelo Col\u00e9gio Anglo-CID Dracena, no dia 6 de setembro. O evento reuniu mais de 600 pessoas, entre alunos e plateia, que fizeram doa\u00e7\u00f5es de 556 pacotes de macarr\u00e3o que foram arrecadados para as entidades Lar S\u00e3 Doutrina, Casa da M\u00e3e e Casa dos Velhos.<br \/>\nOs alunos do 1\u00ba ao 9\u00ba ano do ensino fundamental e alunos do 1\u00ba ano do ensino m\u00e9dio do Col\u00e9gio apresentaram um musical cheio de magia fazendo a releitura\u00a0 do filme.<br \/>\nOs professores respons\u00e1veis pelas apresenta\u00e7\u00f5es dos alunos foram Marcelo Sobrinho, Aline Siqueira e Marcel Freire, com a participa\u00e7\u00e3o das professoras Sueli Corage, Rosana Trindade, Isabel Breshi, Lucelia Teramoto, Amanda Matreiro, Vera Lucia e a psic\u00f3loga Merieli Guerra, al\u00e9m dos assistentes de sala e colaboradores em geral, sob a orienta\u00e7\u00e3o da equipe gestora composta pela coordenadora Patr\u00edcia Nakamura, vice-diretora Tatiana Froio e diretora Eul\u00e1lia Fava.<br \/>\nSegundo a diretora do Anglo-CID Eul\u00e1lia Fava, foram apresenta\u00e7\u00f5es de excelente qualidade, que envolveram todos com um grande encanto. &#8221;Os alunos foram brilhantes nas apresenta\u00e7\u00f5es e trouxeram para o palco valores e princ\u00edpios, li\u00e7\u00f5es de lideran\u00e7a, e o protagonismo do aluno, que ficou evidente no espet\u00e1culo\u201d, completou Eul\u00e1lia Fava.\u00a0O trabalho em equipe sempre faz a diferen\u00e7a nos eventos do Col\u00e9gio, onde cada um tem um importante papel.<\/p>\n<p><img loading=\"lazy\" decoding=\"async\" class=\"alignnone size-full wp-image-6483\" src=\"https:\/\/jorgezanoni.com.br\/2019\/wp-content\/uploads\/2019\/09\/fundec1.jpg\" alt=\"\" width=\"2044\" height=\"1363\" srcset=\"https:\/\/jorgezanoni.com.br\/2019\/wp-content\/uploads\/2019\/09\/fundec1.jpg 2044w, https:\/\/jorgezanoni.com.br\/2019\/wp-content\/uploads\/2019\/09\/fundec1-300x200.jpg 300w, https:\/\/jorgezanoni.com.br\/2019\/wp-content\/uploads\/2019\/09\/fundec1-768x512.jpg 768w, https:\/\/jorgezanoni.com.br\/2019\/wp-content\/uploads\/2019\/09\/fundec1-1024x683.jpg 1024w, https:\/\/jorgezanoni.com.br\/2019\/wp-content\/uploads\/2019\/09\/fundec1-696x464.jpg 696w, https:\/\/jorgezanoni.com.br\/2019\/wp-content\/uploads\/2019\/09\/fundec1-1068x712.jpg 1068w, https:\/\/jorgezanoni.com.br\/2019\/wp-content\/uploads\/2019\/09\/fundec1-630x420.jpg 630w\" sizes=\"auto, (max-width: 2044px) 100vw, 2044px\" \/><\/p>\n<p style=\"font-weight: 400; text-align: justify;\">A escola agradece as manifesta\u00e7\u00f5es de carinho dos pais, inclusive as parabeniza\u00e7\u00f5es registradas na ouvidoria.<\/p>\n<p style=\"font-weight: 400; text-align: justify;\">Carolina Colnago<\/p>\n<p style=\"font-weight: 400; text-align: justify;\">Assessora de Comunica\u00e7\u00e3o da Fundec &#8211; Jornalista<\/p>\n<p style=\"font-weight: 400; text-align: justify;\">Fotos: Chiesa Filmes<\/p>\n<p style=\"font-weight: 400; text-align: justify;\">Galeria de fotos: http:\/\/fundec.edu.br\/noticia\/2960<\/p>\n","protected":false},"excerpt":{"rendered":"<p>Uma noite de emo\u00e7\u00e3o: assim foi o espet\u00e1culo O Rei Le\u00e3o, do AngloCultura 2019, realizado pelo Col\u00e9gio Anglo-CID Dracena, no dia 6 de setembro. O evento reuniu mais de 600 pessoas, entre alunos e plateia, que fizeram doa\u00e7\u00f5es de 556 pacotes de macarr\u00e3o que foram arrecadados para as entidades Lar S\u00e3 Doutrina, Casa da M\u00e3e [&hellip;]<\/p>\n","protected":false},"author":1,"featured_media":6484,"comment_status":"closed","ping_status":"open","sticky":false,"template":"","format":"standard","meta":{"footnotes":""},"categories":[110,122],"tags":[],"class_list":["post-6481","post","type-post","status-publish","format-standard","has-post-thumbnail","hentry","category-noticiasdestaque","category-saudeeducacaoeconcurso"],"_links":{"self":[{"href":"https:\/\/jorgezanoni.com.br\/2019\/wp-json\/wp\/v2\/posts\/6481","targetHints":{"allow":["GET"]}}],"collection":[{"href":"https:\/\/jorgezanoni.com.br\/2019\/wp-json\/wp\/v2\/posts"}],"about":[{"href":"https:\/\/jorgezanoni.com.br\/2019\/wp-json\/wp\/v2\/types\/post"}],"author":[{"embeddable":true,"href":"https:\/\/jorgezanoni.com.br\/2019\/wp-json\/wp\/v2\/users\/1"}],"replies":[{"embeddable":true,"href":"https:\/\/jorgezanoni.com.br\/2019\/wp-json\/wp\/v2\/comments?post=6481"}],"version-history":[{"count":0,"href":"https:\/\/jorgezanoni.com.br\/2019\/wp-json\/wp\/v2\/posts\/6481\/revisions"}],"wp:featuredmedia":[{"embeddable":true,"href":"https:\/\/jorgezanoni.com.br\/2019\/wp-json\/wp\/v2\/media\/6484"}],"wp:attachment":[{"href":"https:\/\/jorgezanoni.com.br\/2019\/wp-json\/wp\/v2\/media?parent=6481"}],"wp:term":[{"taxonomy":"category","embeddable":true,"href":"https:\/\/jorgezanoni.com.br\/2019\/wp-json\/wp\/v2\/categories?post=6481"},{"taxonomy":"post_tag","embeddable":true,"href":"https:\/\/jorgezanoni.com.br\/2019\/wp-json\/wp\/v2\/tags?post=6481"}],"curies":[{"name":"wp","href":"https:\/\/api.w.org\/{rel}","templated":true}]}}