{"id":64790,"date":"2022-06-11T20:09:17","date_gmt":"2022-06-11T20:09:17","guid":{"rendered":"https:\/\/jorgezanoni.com.br\/2019\/?p=64790"},"modified":"2022-06-11T20:09:17","modified_gmt":"2022-06-11T20:09:17","slug":"policia-militar-age-rapidamente-e-prende-homem-apos-furto-devolvendo-produtos-ao-proprietario-em-dracena","status":"publish","type":"post","link":"https:\/\/jorgezanoni.com.br\/2019\/policia-militar-age-rapidamente-e-prende-homem-apos-furto-devolvendo-produtos-ao-proprietario-em-dracena\/","title":{"rendered":"Pol\u00edcia Militar age rapidamente e prende homem ap\u00f3s furto devolvendo produtos ao propriet\u00e1rio em Dracena"},"content":{"rendered":"<p style=\"text-align: justify;\"><strong>POL\u00cdCIA MILITAR EM DRACENA AGE RAPIDAMENTE E PRENDE HOMEM AP\u00d3S FURTO E DEVOLVE PRODUTOS FURTADOS.<\/strong><\/p>\n<p style=\"text-align: justify;\">NA DATA DE ONTEM (10) POR VOLTA DAS 10H30MIN OCORR\u00caNCIA DE FURTO A ESTABELECIMENTO COMERCIAL (FARM\u00c1CIA)ONDE UM INDIV\u00cdDUO (HOMEM 33 ANOS) HAVIA FURTADO V\u00c1RIOS PRODUTOS DE HIGI\u00caNE PESSOAL, E TOMADO RUMO IGNORADO SENDO AS CARACTER\u00cdSTICAS MAGRO, ALTO, PARDO DE BLUSA E BERMUDA VERMELHA.<br \/>\nCOM A DEVIDA COORDENA\u00c7\u00c3O AS EQUIPES REALIZARAM PATRULHAMENTO COM VISTAS AO REFERIDO INDIV\u00cdDUO.<br \/>\nSENDO QUE PELA RUA IPIRANGA PR\u00d3XIMO A ESTA\u00c7\u00c3O FERROVI\u00c1RIA FOI AVISTADO O INDIV\u00cdDUO COM AS MESMAS CARACTER\u00cdSTICAS E AO TENTAR REALIZAR A ABORDAGEM EMPREENDEU FUGA ABANDONANDO A R\u00c9S FURTIVA PELO CAMINHO , FOI ACOMPANHADO O INDIV\u00cdDUO E AP\u00d3S ALGUNS QUARTEIR\u00d5ES AS EQUIPES DE DRACENA LOGRARAM \u00caXITO EM DETER O AUTOR EM FRENTE A ESTA\u00c7\u00c3O FERROVI\u00c1RIA.<br \/>\nFOI LOCALIZADO OS OBJETIVOS FURTADOS E EM CONTATO COM A VITIMA RECONHECEU O AUTOR SEM SOMBRA DE D\u00daVIDAS.<br \/>\nFOI DADA VOZ DE PRIS\u00c3O EM FLAGRANTE FICANDO O MESMO A DISPOSI\u00c7\u00c3O DA JUSTI\u00c7A, E OS OBJETOS SUBTRA\u00cdDOS RESTITU\u00cdDO AO PROPRIET\u00c1RIO.<\/p>\n<p style=\"text-align: justify;\">Fonte: Com. Social Pol\u00edcia Militar<\/p>\n","protected":false},"excerpt":{"rendered":"<p>POL\u00cdCIA MILITAR EM DRACENA AGE RAPIDAMENTE E PRENDE HOMEM AP\u00d3S FURTO E DEVOLVE PRODUTOS FURTADOS. NA DATA DE ONTEM (10) POR VOLTA DAS 10H30MIN OCORR\u00caNCIA DE FURTO A ESTABELECIMENTO COMERCIAL (FARM\u00c1CIA)ONDE UM INDIV\u00cdDUO (HOMEM 33 ANOS) HAVIA FURTADO V\u00c1RIOS PRODUTOS DE HIGI\u00caNE PESSOAL, E TOMADO RUMO IGNORADO SENDO AS CARACTER\u00cdSTICAS MAGRO, ALTO, PARDO DE BLUSA [&hellip;]<\/p>\n","protected":false},"author":1,"featured_media":64791,"comment_status":"closed","ping_status":"open","sticky":false,"template":"","format":"standard","meta":{"footnotes":""},"categories":[110,2],"tags":[],"class_list":["post-64790","post","type-post","status-publish","format-standard","has-post-thumbnail","hentry","category-noticiasdestaque","category-policial"],"_links":{"self":[{"href":"https:\/\/jorgezanoni.com.br\/2019\/wp-json\/wp\/v2\/posts\/64790","targetHints":{"allow":["GET"]}}],"collection":[{"href":"https:\/\/jorgezanoni.com.br\/2019\/wp-json\/wp\/v2\/posts"}],"about":[{"href":"https:\/\/jorgezanoni.com.br\/2019\/wp-json\/wp\/v2\/types\/post"}],"author":[{"embeddable":true,"href":"https:\/\/jorgezanoni.com.br\/2019\/wp-json\/wp\/v2\/users\/1"}],"replies":[{"embeddable":true,"href":"https:\/\/jorgezanoni.com.br\/2019\/wp-json\/wp\/v2\/comments?post=64790"}],"version-history":[{"count":0,"href":"https:\/\/jorgezanoni.com.br\/2019\/wp-json\/wp\/v2\/posts\/64790\/revisions"}],"wp:featuredmedia":[{"embeddable":true,"href":"https:\/\/jorgezanoni.com.br\/2019\/wp-json\/wp\/v2\/media\/64791"}],"wp:attachment":[{"href":"https:\/\/jorgezanoni.com.br\/2019\/wp-json\/wp\/v2\/media?parent=64790"}],"wp:term":[{"taxonomy":"category","embeddable":true,"href":"https:\/\/jorgezanoni.com.br\/2019\/wp-json\/wp\/v2\/categories?post=64790"},{"taxonomy":"post_tag","embeddable":true,"href":"https:\/\/jorgezanoni.com.br\/2019\/wp-json\/wp\/v2\/tags?post=64790"}],"curies":[{"name":"wp","href":"https:\/\/api.w.org\/{rel}","templated":true}]}}