{"id":64787,"date":"2022-06-11T19:57:55","date_gmt":"2022-06-11T19:57:55","guid":{"rendered":"https:\/\/jorgezanoni.com.br\/2019\/?p=64787"},"modified":"2022-06-11T21:15:27","modified_gmt":"2022-06-11T21:15:27","slug":"morre-donizeti-pimenta-pessoa-integrante-do-grupo-vida","status":"publish","type":"post","link":"https:\/\/jorgezanoni.com.br\/2019\/morre-donizeti-pimenta-pessoa-integrante-do-grupo-vida\/","title":{"rendered":"Morre Donizeti Pimenta Pessoa, integrante do Grupo Vida"},"content":{"rendered":"<div class=\"kvgmc6g5 cxmmr5t8 oygrvhab hcukyx3x c1et5uql ii04i59q\">\n<div dir=\"auto\" style=\"text-align: justify;\">A comunidade cat\u00f3lica de Dracena perdeu uma de suas lideran\u00e7as no trabalho de Evangeliza\u00e7\u00e3o. Faleceu Donizeti Pimenta Pessoa, integrante do Grupo Vida e atuante na Par\u00f3quia Nossa Senhora Aparecida e Comunidade Sagrado Cora\u00e7\u00e3o de Jesus (Parque Dracena), onde residia. Donizeti tamb\u00e9m era um dos apresentadores do programa \u201cJesus Te Ama\u201d na R\u00e1dio 87 FM.<\/div>\n<\/div>\n<div class=\"cxmmr5t8 oygrvhab hcukyx3x c1et5uql o9v6fnle ii04i59q\" style=\"text-align: justify;\">\n<div dir=\"auto\">Donizeti integrou grupos de jovens na comunidade e seguiu carreira na Secretaria Estadual da Fazenda, onde se aposentou h\u00e1 alguns anos. Deixa esposa Nereide, filhos Lucas e Guilherme e demais familiares.<\/div>\n<\/div>\n<div class=\"cxmmr5t8 oygrvhab hcukyx3x c1et5uql o9v6fnle ii04i59q\">\n<div dir=\"auto\" style=\"text-align: justify;\">Acometido por um c\u00e2ncer raro no pesco\u00e7o (art\u00e9ria car\u00f3tida), Donizeti faleceu neste s\u00e1bado em Presidente Prudente.<\/div>\n<div dir=\"auto\"><\/div>\n<div dir=\"auto\">Fonte: Bastidores da Noticia<\/div>\n<div dir=\"auto\"><\/div>\n<div dir=\"auto\"><img loading=\"lazy\" decoding=\"async\" class=\"alignnone size-full wp-image-64799\" src=\"https:\/\/jorgezanoni.com.br\/2019\/wp-content\/uploads\/2022\/06\/Donizete.jpg\" alt=\"\" width=\"540\" height=\"540\" srcset=\"https:\/\/jorgezanoni.com.br\/2019\/wp-content\/uploads\/2022\/06\/Donizete.jpg 540w, https:\/\/jorgezanoni.com.br\/2019\/wp-content\/uploads\/2022\/06\/Donizete-300x300.jpg 300w, https:\/\/jorgezanoni.com.br\/2019\/wp-content\/uploads\/2022\/06\/Donizete-150x150.jpg 150w, https:\/\/jorgezanoni.com.br\/2019\/wp-content\/uploads\/2022\/06\/Donizete-420x420.jpg 420w\" sizes=\"auto, (max-width: 540px) 100vw, 540px\" \/><\/div>\n<\/div>\n","protected":false},"excerpt":{"rendered":"<p>A comunidade cat\u00f3lica de Dracena perdeu uma de suas lideran\u00e7as no trabalho de Evangeliza\u00e7\u00e3o. Faleceu Donizeti Pimenta Pessoa, integrante do Grupo Vida e atuante na Par\u00f3quia Nossa Senhora Aparecida e Comunidade Sagrado Cora\u00e7\u00e3o de Jesus (Parque Dracena), onde residia. Donizeti tamb\u00e9m era um dos apresentadores do programa \u201cJesus Te Ama\u201d na R\u00e1dio 87 FM. Donizeti [&hellip;]<\/p>\n","protected":false},"author":1,"featured_media":64788,"comment_status":"closed","ping_status":"open","sticky":false,"template":"","format":"standard","meta":{"footnotes":""},"categories":[178,110],"tags":[],"class_list":["post-64787","post","type-post","status-publish","format-standard","has-post-thumbnail","hentry","category-notadefalecimento","category-noticiasdestaque"],"_links":{"self":[{"href":"https:\/\/jorgezanoni.com.br\/2019\/wp-json\/wp\/v2\/posts\/64787","targetHints":{"allow":["GET"]}}],"collection":[{"href":"https:\/\/jorgezanoni.com.br\/2019\/wp-json\/wp\/v2\/posts"}],"about":[{"href":"https:\/\/jorgezanoni.com.br\/2019\/wp-json\/wp\/v2\/types\/post"}],"author":[{"embeddable":true,"href":"https:\/\/jorgezanoni.com.br\/2019\/wp-json\/wp\/v2\/users\/1"}],"replies":[{"embeddable":true,"href":"https:\/\/jorgezanoni.com.br\/2019\/wp-json\/wp\/v2\/comments?post=64787"}],"version-history":[{"count":0,"href":"https:\/\/jorgezanoni.com.br\/2019\/wp-json\/wp\/v2\/posts\/64787\/revisions"}],"wp:featuredmedia":[{"embeddable":true,"href":"https:\/\/jorgezanoni.com.br\/2019\/wp-json\/wp\/v2\/media\/64788"}],"wp:attachment":[{"href":"https:\/\/jorgezanoni.com.br\/2019\/wp-json\/wp\/v2\/media?parent=64787"}],"wp:term":[{"taxonomy":"category","embeddable":true,"href":"https:\/\/jorgezanoni.com.br\/2019\/wp-json\/wp\/v2\/categories?post=64787"},{"taxonomy":"post_tag","embeddable":true,"href":"https:\/\/jorgezanoni.com.br\/2019\/wp-json\/wp\/v2\/tags?post=64787"}],"curies":[{"name":"wp","href":"https:\/\/api.w.org\/{rel}","templated":true}]}}