{"id":64726,"date":"2022-06-09T22:30:28","date_gmt":"2022-06-09T22:30:28","guid":{"rendered":"https:\/\/jorgezanoni.com.br\/2019\/?p=64726"},"modified":"2022-06-09T22:30:28","modified_gmt":"2022-06-09T22:30:28","slug":"veiculo-tem-motor-destruido-por-fogo-no-centro-de-dracena","status":"publish","type":"post","link":"https:\/\/jorgezanoni.com.br\/2019\/veiculo-tem-motor-destruido-por-fogo-no-centro-de-dracena\/","title":{"rendered":"Ve\u00edculo tem motor destru\u00eddo por fogo no centro de Dracena"},"content":{"rendered":"<p style=\"text-align: justify;\"><strong>Fogo deve ter sido provocado por curto circuito, ningu\u00e9m ficou ferido.<\/strong><\/p>\n<p style=\"text-align: justify;\">Por volta de 13:10 Horas desta quinta-feira (9), um ve\u00edculo Focus placas de Dracena, dirigido por uma mulher, estava em movimento quando a condutora percebeu fuma\u00e7a no motor. Ap\u00f3s parar percebeu que estava pegando fogo.<\/p>\n<p style=\"text-align: justify;\">Uma Unidade do Corpo de Bombeiros esteve no local e ajudou a extinguir o fogo que acabou atingindo apenas o motor do carro.<\/p>\n<p style=\"text-align: justify;\">O fato foi registrado na Rua Santos Dumont entre as Avenidas Presidente Vargas e Roosevelt.<\/p>\n<p><img loading=\"lazy\" decoding=\"async\" class=\"alignnone size-full wp-image-64727\" src=\"https:\/\/jorgezanoni.com.br\/2019\/wp-content\/uploads\/2022\/06\/IMG_7597-2.jpg\" alt=\"\" width=\"573\" height=\"497\" srcset=\"https:\/\/jorgezanoni.com.br\/2019\/wp-content\/uploads\/2022\/06\/IMG_7597-2.jpg 573w, https:\/\/jorgezanoni.com.br\/2019\/wp-content\/uploads\/2022\/06\/IMG_7597-2-300x260.jpg 300w, https:\/\/jorgezanoni.com.br\/2019\/wp-content\/uploads\/2022\/06\/IMG_7597-2-534x462.jpg 534w, https:\/\/jorgezanoni.com.br\/2019\/wp-content\/uploads\/2022\/06\/IMG_7597-2-484x420.jpg 484w\" sizes=\"auto, (max-width: 573px) 100vw, 573px\" \/> <img loading=\"lazy\" decoding=\"async\" class=\"alignnone size-full wp-image-64729\" src=\"https:\/\/jorgezanoni.com.br\/2019\/wp-content\/uploads\/2022\/06\/IMG_7599.jpg\" alt=\"\" width=\"700\" height=\"525\" srcset=\"https:\/\/jorgezanoni.com.br\/2019\/wp-content\/uploads\/2022\/06\/IMG_7599.jpg 700w, https:\/\/jorgezanoni.com.br\/2019\/wp-content\/uploads\/2022\/06\/IMG_7599-300x225.jpg 300w, https:\/\/jorgezanoni.com.br\/2019\/wp-content\/uploads\/2022\/06\/IMG_7599-80x60.jpg 80w, https:\/\/jorgezanoni.com.br\/2019\/wp-content\/uploads\/2022\/06\/IMG_7599-265x198.jpg 265w, https:\/\/jorgezanoni.com.br\/2019\/wp-content\/uploads\/2022\/06\/IMG_7599-696x522.jpg 696w, https:\/\/jorgezanoni.com.br\/2019\/wp-content\/uploads\/2022\/06\/IMG_7599-560x420.jpg 560w\" sizes=\"auto, (max-width: 700px) 100vw, 700px\" \/><\/p>\n<p>Jorge Zanoni<\/p>\n<p>&nbsp;<\/p>\n","protected":false},"excerpt":{"rendered":"<p>Fogo deve ter sido provocado por curto circuito, ningu\u00e9m ficou ferido. Por volta de 13:10 Horas desta quinta-feira (9), um ve\u00edculo Focus placas de Dracena, dirigido por uma mulher, estava em movimento quando a condutora percebeu fuma\u00e7a no motor. Ap\u00f3s parar percebeu que estava pegando fogo. Uma Unidade do Corpo de Bombeiros esteve no local [&hellip;]<\/p>\n","protected":false},"author":1,"featured_media":64728,"comment_status":"closed","ping_status":"open","sticky":false,"template":"","format":"standard","meta":{"footnotes":""},"categories":[170,110],"tags":[],"class_list":["post-64726","post","type-post","status-publish","format-standard","has-post-thumbnail","hentry","category-acidentes","category-noticiasdestaque"],"_links":{"self":[{"href":"https:\/\/jorgezanoni.com.br\/2019\/wp-json\/wp\/v2\/posts\/64726","targetHints":{"allow":["GET"]}}],"collection":[{"href":"https:\/\/jorgezanoni.com.br\/2019\/wp-json\/wp\/v2\/posts"}],"about":[{"href":"https:\/\/jorgezanoni.com.br\/2019\/wp-json\/wp\/v2\/types\/post"}],"author":[{"embeddable":true,"href":"https:\/\/jorgezanoni.com.br\/2019\/wp-json\/wp\/v2\/users\/1"}],"replies":[{"embeddable":true,"href":"https:\/\/jorgezanoni.com.br\/2019\/wp-json\/wp\/v2\/comments?post=64726"}],"version-history":[{"count":0,"href":"https:\/\/jorgezanoni.com.br\/2019\/wp-json\/wp\/v2\/posts\/64726\/revisions"}],"wp:featuredmedia":[{"embeddable":true,"href":"https:\/\/jorgezanoni.com.br\/2019\/wp-json\/wp\/v2\/media\/64728"}],"wp:attachment":[{"href":"https:\/\/jorgezanoni.com.br\/2019\/wp-json\/wp\/v2\/media?parent=64726"}],"wp:term":[{"taxonomy":"category","embeddable":true,"href":"https:\/\/jorgezanoni.com.br\/2019\/wp-json\/wp\/v2\/categories?post=64726"},{"taxonomy":"post_tag","embeddable":true,"href":"https:\/\/jorgezanoni.com.br\/2019\/wp-json\/wp\/v2\/tags?post=64726"}],"curies":[{"name":"wp","href":"https:\/\/api.w.org\/{rel}","templated":true}]}}