{"id":64694,"date":"2022-06-09T15:59:53","date_gmt":"2022-06-09T15:59:53","guid":{"rendered":"https:\/\/jorgezanoni.com.br\/2019\/?p=64694"},"modified":"2022-06-09T15:59:53","modified_gmt":"2022-06-09T15:59:53","slug":"vii-semana-da-inclusao-da-pessoa-com-deficiencia","status":"publish","type":"post","link":"https:\/\/jorgezanoni.com.br\/2019\/vii-semana-da-inclusao-da-pessoa-com-deficiencia\/","title":{"rendered":"VII Semana da Inclus\u00e3o da Pessoa com Defici\u00eancia"},"content":{"rendered":"<div dir=\"ltr\" style=\"text-align: justify;\"><span style=\"font-size: large;\">Os acad\u00eamicos do 9\u00ba termo do curso de Psicologia da Unifadra Dracena realizaram a VII Semana da Inclus\u00e3o da Pessoa com Defici\u00eancia, nos dias 25 a 27 de maio, tendo como tema &#8220;Os n\u00f3s de todos n\u00f3s em uma s\u00f3 voz: as diversidades na comunica\u00e7\u00e3o&#8221;.<\/p>\n<p>Na cerim\u00f4nia de abertura, a Profa. Ma. Andr\u00e9a Frizo de C. Barbosa, coordenadora do curso de Psicologia, transmitiu a mensagem do diretor acad\u00eamico da Unifadra Prof. Dr. Enio Garbelini parabenizando os alunos e professores, agradecendo a presen\u00e7a dos convidados e do p\u00fablico que veio prestigiar o evento e destacando que &#8220;a Unifadra apoia as causas inclusivas, e julga ser importante discutir essa tem\u00e1tica, para construirmos conhecimentos juntos&#8221;.<\/p>\n<p>Em sua sauda\u00e7\u00e3o, a Profa. Ma. La\u00edzi Santos, coordenadora dos alunos na organiza\u00e7\u00e3o do evento, destacou que a Semana da Inclus\u00e3o da Pessoa com Defici\u00eancia surgiu em 2016 e passou a ser realizada anualmente pelos 9\u00ba termos de Psicologia, ressaltando as causas inclusivas. Al\u00e9m disso, afirmou que &#8220;este ano estamos felizes, pois retornamos ao nosso evento presencial. Tamb\u00e9m sinto a necessidade de explicar o t\u00edtulo que adotamos: &#8216;Os n\u00f3s de todos n\u00f3s em uma s\u00f3 voz: as diversidades na comunica\u00e7\u00e3o&#8217;. Esta \u00e9 uma tarefa complexa e mesmo correndo o risco de ser reducionista vou encarar a miss\u00e3o. &#8216;N\u00f3s&#8217; passa a ideia de &#8216;entrela\u00e7amento, enrosco&#8217; e, quando falamos de comunica\u00e7\u00e3o, temos duas l\u00ednguas oficiais no pa\u00eds: o portugu\u00eas e a Libras. Mas a comunica\u00e7\u00e3o ainda \u00e9 um enrosco, pois n\u00e3o conseguimos abarcar a diversidade dela. Por\u00e9m, isso n\u00e3o pode nos limitar. Precisamos discutir &#8216;nossos n\u00f3s&#8217;, para que esta tem\u00e1tica ganhe voz&#8221;.<\/p>\n<p>O evento foi traduzido em Libras pela int\u00e9rprete Maria Eloiza Paulino Braz e contou com a participa\u00e7\u00e3o do Coral da Unifadra e a colabora\u00e7\u00e3o dos estudantes do 5\u00ba e 7\u00ba termos do curso de Psicologia.<\/p>\n<p>Na primeira noite, o Prof. Esp. Eduardo Antoniassi Oliveira, psic\u00f3logo cl\u00ednico bil\u00edngue (Libras) com enfoque psicanal\u00edtico, palestrou sobre &#8220;Identidades Surdas&#8221;, entrevistou a surda Luana Ol\u00edvia Chical\u00e9 Pereira e promoveu algumas reflex\u00f5es sobre a acessibilidade do surdo ao atendimento psicol\u00f3gico e demais servi\u00e7os. No decorrer das atividades, o surdo Hugo C\u00e9zar Machado de Brito fez uma participa\u00e7\u00e3o especial, enriquecendo ainda mais as discuss\u00f5es do evento.<\/p>\n<p>No segundo dia da Semana da Inclus\u00e3o, o p\u00fablico foi recepcionado por uma exposi\u00e7\u00e3o de fotos comemorativas aos 50 anos da Associa\u00e7\u00e3o de Pais e Amigos dos Excepcionais (APAE) de Dracena, na entrada do Audit\u00f3rio da Fundec. Houve a apresenta\u00e7\u00e3o do Coral da APAE, regido pela professora Hellen Rose Jurity Rodrigues, e uma de suas integrantes, a aluna L\u00e9ia Oliva Nogueira, foi entrevistada pela acad\u00eamica Stephanie Sant&#8217;Anna Valderramos Bittencourt. Durante o bate-papo, Leinha falou sobre sua vida pessoal, sua rotina na APAE e seu programa de r\u00e1dio na associa\u00e7\u00e3o, em que tamb\u00e9m realiza entrevistas.<\/p>\n<p>Em seguida, foi apresentado o v\u00eddeo institucional da APAE e as representantes da associa\u00e7\u00e3o, a diretora pedag\u00f3gica Adriana Miyagui Despenciari, a coordenadora de Sa\u00fade Cristina Batista Fabbro e a assistente social Mary Tieko Okina Nakano, subiram ao palco para a roda de conversa: &#8220;50 anos de APAE &#8211; Uma hist\u00f3ria de amor e respeito&#8221;.<\/p>\n<p>No \u00faltimo dia do evento, o p\u00fablico vivenciou experi\u00eancias em quatro salas tem\u00e1ticas montadas na Unifadra. Por meio de din\u00e2micas, experimentaram situa\u00e7\u00f5es da rotina de pessoas com defici\u00eancias.<\/p>\n<p>Uma das salas simulava o ambiente de um supermercado e demonstrava a dificuldade de comunica\u00e7\u00e3o no atendimento de pessoas com defici\u00eancia auditiva. Outra era uma loja de roupas e simulava o atendimento a pessoas com diferentes defici\u00eancias (de comunica\u00e7\u00e3o, auditiva e visual). As duas \u00faltimas eram as salas de sensa\u00e7\u00f5es: a primeira simulava a perda da vis\u00e3o e demonstrava a descoberta de outros sentidos para experimentar o mundo e a segunda demonstrava as dificuldades quando temos a comunica\u00e7\u00e3o interrompida. O objetivo destas salas foi mostrar que \u00e9 preciso empatia para favorecer o acolhimento e o atendimento da pessoa com defici\u00eancia, abarcando todas as diversidades de comunica\u00e7\u00e3o.<\/p>\n<p>Durante os tr\u00eas dias de evento, os estudantes do 5\u00ba termo de Psicologia tamb\u00e9m fizeram um trabalho nas vagas de deficiente pr\u00f3ximas \u00e0 Unifadra e orientaram sobre a Lei Federal n\u00ba 10.098\/00, para que a acessibilidade da pessoa com defici\u00eancia seja respeitada.<\/p>\n<p>Nos encerramentos das noites do evento foram realizados sorteios de brindes ao p\u00fablico presente, produtos arrecadados pelos alunos com os patrocinadores da VII Semana da Inclus\u00e3o da Pessoa com Defici\u00eancia.<\/span><\/div>\n<div dir=\"ltr\"><\/div>\n<div dir=\"ltr\"><img loading=\"lazy\" decoding=\"async\" class=\"alignnone size-full wp-image-64695\" src=\"https:\/\/jorgezanoni.com.br\/2019\/wp-content\/uploads\/2022\/06\/fund.jpg\" alt=\"\" width=\"1080\" height=\"810\" srcset=\"https:\/\/jorgezanoni.com.br\/2019\/wp-content\/uploads\/2022\/06\/fund.jpg 1080w, https:\/\/jorgezanoni.com.br\/2019\/wp-content\/uploads\/2022\/06\/fund-300x225.jpg 300w, https:\/\/jorgezanoni.com.br\/2019\/wp-content\/uploads\/2022\/06\/fund-1024x768.jpg 1024w, https:\/\/jorgezanoni.com.br\/2019\/wp-content\/uploads\/2022\/06\/fund-768x576.jpg 768w, https:\/\/jorgezanoni.com.br\/2019\/wp-content\/uploads\/2022\/06\/fund-80x60.jpg 80w, https:\/\/jorgezanoni.com.br\/2019\/wp-content\/uploads\/2022\/06\/fund-265x198.jpg 265w, https:\/\/jorgezanoni.com.br\/2019\/wp-content\/uploads\/2022\/06\/fund-696x522.jpg 696w, https:\/\/jorgezanoni.com.br\/2019\/wp-content\/uploads\/2022\/06\/fund-1068x801.jpg 1068w, https:\/\/jorgezanoni.com.br\/2019\/wp-content\/uploads\/2022\/06\/fund-560x420.jpg 560w\" sizes=\"auto, (max-width: 1080px) 100vw, 1080px\" \/> <img loading=\"lazy\" decoding=\"async\" class=\"alignnone size-full wp-image-64696\" src=\"https:\/\/jorgezanoni.com.br\/2019\/wp-content\/uploads\/2022\/06\/fund1.jpg\" alt=\"\" width=\"1080\" height=\"810\" srcset=\"https:\/\/jorgezanoni.com.br\/2019\/wp-content\/uploads\/2022\/06\/fund1.jpg 1080w, https:\/\/jorgezanoni.com.br\/2019\/wp-content\/uploads\/2022\/06\/fund1-300x225.jpg 300w, https:\/\/jorgezanoni.com.br\/2019\/wp-content\/uploads\/2022\/06\/fund1-1024x768.jpg 1024w, https:\/\/jorgezanoni.com.br\/2019\/wp-content\/uploads\/2022\/06\/fund1-768x576.jpg 768w, https:\/\/jorgezanoni.com.br\/2019\/wp-content\/uploads\/2022\/06\/fund1-80x60.jpg 80w, https:\/\/jorgezanoni.com.br\/2019\/wp-content\/uploads\/2022\/06\/fund1-265x198.jpg 265w, https:\/\/jorgezanoni.com.br\/2019\/wp-content\/uploads\/2022\/06\/fund1-696x522.jpg 696w, https:\/\/jorgezanoni.com.br\/2019\/wp-content\/uploads\/2022\/06\/fund1-1068x801.jpg 1068w, https:\/\/jorgezanoni.com.br\/2019\/wp-content\/uploads\/2022\/06\/fund1-560x420.jpg 560w\" sizes=\"auto, (max-width: 1080px) 100vw, 1080px\" \/> <img loading=\"lazy\" decoding=\"async\" class=\"alignnone size-full wp-image-64697\" src=\"https:\/\/jorgezanoni.com.br\/2019\/wp-content\/uploads\/2022\/06\/fund2.jpg\" alt=\"\" width=\"1080\" height=\"608\" srcset=\"https:\/\/jorgezanoni.com.br\/2019\/wp-content\/uploads\/2022\/06\/fund2.jpg 1080w, https:\/\/jorgezanoni.com.br\/2019\/wp-content\/uploads\/2022\/06\/fund2-300x169.jpg 300w, https:\/\/jorgezanoni.com.br\/2019\/wp-content\/uploads\/2022\/06\/fund2-1024x576.jpg 1024w, https:\/\/jorgezanoni.com.br\/2019\/wp-content\/uploads\/2022\/06\/fund2-768x432.jpg 768w, https:\/\/jorgezanoni.com.br\/2019\/wp-content\/uploads\/2022\/06\/fund2-696x392.jpg 696w, https:\/\/jorgezanoni.com.br\/2019\/wp-content\/uploads\/2022\/06\/fund2-1068x601.jpg 1068w, https:\/\/jorgezanoni.com.br\/2019\/wp-content\/uploads\/2022\/06\/fund2-746x420.jpg 746w\" sizes=\"auto, (max-width: 1080px) 100vw, 1080px\" \/> <img loading=\"lazy\" decoding=\"async\" class=\"alignnone size-full wp-image-64698\" src=\"https:\/\/jorgezanoni.com.br\/2019\/wp-content\/uploads\/2022\/06\/fund3.jpg\" alt=\"\" width=\"1080\" height=\"608\" srcset=\"https:\/\/jorgezanoni.com.br\/2019\/wp-content\/uploads\/2022\/06\/fund3.jpg 1080w, https:\/\/jorgezanoni.com.br\/2019\/wp-content\/uploads\/2022\/06\/fund3-300x169.jpg 300w, https:\/\/jorgezanoni.com.br\/2019\/wp-content\/uploads\/2022\/06\/fund3-1024x576.jpg 1024w, https:\/\/jorgezanoni.com.br\/2019\/wp-content\/uploads\/2022\/06\/fund3-768x432.jpg 768w, https:\/\/jorgezanoni.com.br\/2019\/wp-content\/uploads\/2022\/06\/fund3-696x392.jpg 696w, https:\/\/jorgezanoni.com.br\/2019\/wp-content\/uploads\/2022\/06\/fund3-1068x601.jpg 1068w, https:\/\/jorgezanoni.com.br\/2019\/wp-content\/uploads\/2022\/06\/fund3-746x420.jpg 746w\" sizes=\"auto, (max-width: 1080px) 100vw, 1080px\" \/> <img loading=\"lazy\" decoding=\"async\" class=\"alignnone size-full wp-image-64699\" src=\"https:\/\/jorgezanoni.com.br\/2019\/wp-content\/uploads\/2022\/06\/fund4.jpg\" alt=\"\" width=\"1080\" height=\"608\" srcset=\"https:\/\/jorgezanoni.com.br\/2019\/wp-content\/uploads\/2022\/06\/fund4.jpg 1080w, https:\/\/jorgezanoni.com.br\/2019\/wp-content\/uploads\/2022\/06\/fund4-300x169.jpg 300w, https:\/\/jorgezanoni.com.br\/2019\/wp-content\/uploads\/2022\/06\/fund4-1024x576.jpg 1024w, https:\/\/jorgezanoni.com.br\/2019\/wp-content\/uploads\/2022\/06\/fund4-768x432.jpg 768w, https:\/\/jorgezanoni.com.br\/2019\/wp-content\/uploads\/2022\/06\/fund4-696x392.jpg 696w, https:\/\/jorgezanoni.com.br\/2019\/wp-content\/uploads\/2022\/06\/fund4-1068x601.jpg 1068w, https:\/\/jorgezanoni.com.br\/2019\/wp-content\/uploads\/2022\/06\/fund4-746x420.jpg 746w\" sizes=\"auto, (max-width: 1080px) 100vw, 1080px\" \/> <img loading=\"lazy\" decoding=\"async\" class=\"alignnone size-full wp-image-64701\" src=\"https:\/\/jorgezanoni.com.br\/2019\/wp-content\/uploads\/2022\/06\/fund6.jpg\" alt=\"\" width=\"1080\" height=\"608\" srcset=\"https:\/\/jorgezanoni.com.br\/2019\/wp-content\/uploads\/2022\/06\/fund6.jpg 1080w, https:\/\/jorgezanoni.com.br\/2019\/wp-content\/uploads\/2022\/06\/fund6-300x169.jpg 300w, https:\/\/jorgezanoni.com.br\/2019\/wp-content\/uploads\/2022\/06\/fund6-1024x576.jpg 1024w, https:\/\/jorgezanoni.com.br\/2019\/wp-content\/uploads\/2022\/06\/fund6-768x432.jpg 768w, https:\/\/jorgezanoni.com.br\/2019\/wp-content\/uploads\/2022\/06\/fund6-696x392.jpg 696w, https:\/\/jorgezanoni.com.br\/2019\/wp-content\/uploads\/2022\/06\/fund6-1068x601.jpg 1068w, https:\/\/jorgezanoni.com.br\/2019\/wp-content\/uploads\/2022\/06\/fund6-746x420.jpg 746w\" sizes=\"auto, (max-width: 1080px) 100vw, 1080px\" \/> <img loading=\"lazy\" decoding=\"async\" class=\"alignnone size-full wp-image-64702\" src=\"https:\/\/jorgezanoni.com.br\/2019\/wp-content\/uploads\/2022\/06\/fund7.jpg\" alt=\"\" width=\"1080\" height=\"608\" srcset=\"https:\/\/jorgezanoni.com.br\/2019\/wp-content\/uploads\/2022\/06\/fund7.jpg 1080w, https:\/\/jorgezanoni.com.br\/2019\/wp-content\/uploads\/2022\/06\/fund7-300x169.jpg 300w, https:\/\/jorgezanoni.com.br\/2019\/wp-content\/uploads\/2022\/06\/fund7-1024x576.jpg 1024w, https:\/\/jorgezanoni.com.br\/2019\/wp-content\/uploads\/2022\/06\/fund7-768x432.jpg 768w, https:\/\/jorgezanoni.com.br\/2019\/wp-content\/uploads\/2022\/06\/fund7-696x392.jpg 696w, https:\/\/jorgezanoni.com.br\/2019\/wp-content\/uploads\/2022\/06\/fund7-1068x601.jpg 1068w, https:\/\/jorgezanoni.com.br\/2019\/wp-content\/uploads\/2022\/06\/fund7-746x420.jpg 746w\" sizes=\"auto, (max-width: 1080px) 100vw, 1080px\" \/> <img loading=\"lazy\" decoding=\"async\" class=\"alignnone size-full wp-image-64703\" src=\"https:\/\/jorgezanoni.com.br\/2019\/wp-content\/uploads\/2022\/06\/fund8.jpg\" alt=\"\" width=\"1080\" height=\"608\" srcset=\"https:\/\/jorgezanoni.com.br\/2019\/wp-content\/uploads\/2022\/06\/fund8.jpg 1080w, https:\/\/jorgezanoni.com.br\/2019\/wp-content\/uploads\/2022\/06\/fund8-300x169.jpg 300w, https:\/\/jorgezanoni.com.br\/2019\/wp-content\/uploads\/2022\/06\/fund8-1024x576.jpg 1024w, https:\/\/jorgezanoni.com.br\/2019\/wp-content\/uploads\/2022\/06\/fund8-768x432.jpg 768w, https:\/\/jorgezanoni.com.br\/2019\/wp-content\/uploads\/2022\/06\/fund8-696x392.jpg 696w, https:\/\/jorgezanoni.com.br\/2019\/wp-content\/uploads\/2022\/06\/fund8-1068x601.jpg 1068w, https:\/\/jorgezanoni.com.br\/2019\/wp-content\/uploads\/2022\/06\/fund8-746x420.jpg 746w\" sizes=\"auto, (max-width: 1080px) 100vw, 1080px\" \/><\/div>\n<div dir=\"ltr\">Fonte: Departamento de Comunica\u00e7\u00e3o da FUNDEC<\/div>\n","protected":false},"excerpt":{"rendered":"<p>Os acad\u00eamicos do 9\u00ba termo do curso de Psicologia da Unifadra Dracena realizaram a VII Semana da Inclus\u00e3o da Pessoa com Defici\u00eancia, nos dias 25 a 27 de maio, tendo como tema &#8220;Os n\u00f3s de todos n\u00f3s em uma s\u00f3 voz: as diversidades na comunica\u00e7\u00e3o&#8221;. Na cerim\u00f4nia de abertura, a Profa. Ma. Andr\u00e9a Frizo de [&hellip;]<\/p>\n","protected":false},"author":1,"featured_media":64700,"comment_status":"closed","ping_status":"open","sticky":false,"template":"","format":"standard","meta":{"footnotes":""},"categories":[110,122],"tags":[],"class_list":["post-64694","post","type-post","status-publish","format-standard","has-post-thumbnail","hentry","category-noticiasdestaque","category-saudeeducacaoeconcurso"],"_links":{"self":[{"href":"https:\/\/jorgezanoni.com.br\/2019\/wp-json\/wp\/v2\/posts\/64694","targetHints":{"allow":["GET"]}}],"collection":[{"href":"https:\/\/jorgezanoni.com.br\/2019\/wp-json\/wp\/v2\/posts"}],"about":[{"href":"https:\/\/jorgezanoni.com.br\/2019\/wp-json\/wp\/v2\/types\/post"}],"author":[{"embeddable":true,"href":"https:\/\/jorgezanoni.com.br\/2019\/wp-json\/wp\/v2\/users\/1"}],"replies":[{"embeddable":true,"href":"https:\/\/jorgezanoni.com.br\/2019\/wp-json\/wp\/v2\/comments?post=64694"}],"version-history":[{"count":0,"href":"https:\/\/jorgezanoni.com.br\/2019\/wp-json\/wp\/v2\/posts\/64694\/revisions"}],"wp:featuredmedia":[{"embeddable":true,"href":"https:\/\/jorgezanoni.com.br\/2019\/wp-json\/wp\/v2\/media\/64700"}],"wp:attachment":[{"href":"https:\/\/jorgezanoni.com.br\/2019\/wp-json\/wp\/v2\/media?parent=64694"}],"wp:term":[{"taxonomy":"category","embeddable":true,"href":"https:\/\/jorgezanoni.com.br\/2019\/wp-json\/wp\/v2\/categories?post=64694"},{"taxonomy":"post_tag","embeddable":true,"href":"https:\/\/jorgezanoni.com.br\/2019\/wp-json\/wp\/v2\/tags?post=64694"}],"curies":[{"name":"wp","href":"https:\/\/api.w.org\/{rel}","templated":true}]}}