{"id":64673,"date":"2022-06-09T01:12:22","date_gmt":"2022-06-09T01:12:22","guid":{"rendered":"https:\/\/jorgezanoni.com.br\/2019\/?p=64673"},"modified":"2022-06-09T01:12:22","modified_gmt":"2022-06-09T01:12:22","slug":"acidente-entre-carro-e-bike-na-avenida-presidente-roosevelt-proximo-ao-semaforo-do-jardim-brasilandia","status":"publish","type":"post","link":"https:\/\/jorgezanoni.com.br\/2019\/acidente-entre-carro-e-bike-na-avenida-presidente-roosevelt-proximo-ao-semaforo-do-jardim-brasilandia\/","title":{"rendered":"Acidente entre carro e bike na Avenida Presidente Roosevelt pr\u00f3ximo ao sem\u00e1foro do Jardim Brasil\u00e2ndia"},"content":{"rendered":"<p style=\"text-align: justify;\"><strong>Segundo acidente registrado na semana, no domingo um ve\u00edculo e uma moto j\u00e1 haviam batido nas proximidades.<\/strong><\/p>\n<p style=\"text-align: justify;\">Por volta de 07:30 Horas desta ter\u00e7a-feira (8), houve o registro de um acidente entre um Fiat Uno placas de Dracena dirigido por uma mulher e uma Bicicleta pedalada por um idoso.<\/p>\n<p style=\"text-align: justify;\">Segundo informa\u00e7\u00f5es obtidas pela reportagem do Site JZ no local, os dois faziam o mesmo sentido, bairro-centro, e a condutora teria avan\u00e7ado o acostamento e n\u00e3o viu o ciclista, acontecendo a batida.<\/p>\n<p style=\"text-align: justify;\">Com o impacto o homem caiu ao solo e teve aparentemente apenas escoria\u00e7\u00f5es no joelho, foi socorrido por uma Unidade do Corpo de Bombeiros ao Pronto Atendimento Municipal.<\/p>\n<p style=\"text-align: justify;\">As Pol\u00edcias Militar e T\u00e9cnica compareceram ao local para os procedimentos de praxe.<\/p>\n<p><img loading=\"lazy\" decoding=\"async\" class=\"alignnone size-full wp-image-64674\" src=\"https:\/\/jorgezanoni.com.br\/2019\/wp-content\/uploads\/2022\/06\/IMG_7486.jpg\" alt=\"\" width=\"700\" height=\"525\" srcset=\"https:\/\/jorgezanoni.com.br\/2019\/wp-content\/uploads\/2022\/06\/IMG_7486.jpg 700w, https:\/\/jorgezanoni.com.br\/2019\/wp-content\/uploads\/2022\/06\/IMG_7486-300x225.jpg 300w, https:\/\/jorgezanoni.com.br\/2019\/wp-content\/uploads\/2022\/06\/IMG_7486-80x60.jpg 80w, https:\/\/jorgezanoni.com.br\/2019\/wp-content\/uploads\/2022\/06\/IMG_7486-265x198.jpg 265w, https:\/\/jorgezanoni.com.br\/2019\/wp-content\/uploads\/2022\/06\/IMG_7486-696x522.jpg 696w, https:\/\/jorgezanoni.com.br\/2019\/wp-content\/uploads\/2022\/06\/IMG_7486-560x420.jpg 560w\" sizes=\"auto, (max-width: 700px) 100vw, 700px\" \/><\/p>\n<p style=\"text-align: justify;\">Jorge Zanoni<\/p>\n","protected":false},"excerpt":{"rendered":"<p>Segundo acidente registrado na semana, no domingo um ve\u00edculo e uma moto j\u00e1 haviam batido nas proximidades. Por volta de 07:30 Horas desta ter\u00e7a-feira (8), houve o registro de um acidente entre um Fiat Uno placas de Dracena dirigido por uma mulher e uma Bicicleta pedalada por um idoso. Segundo informa\u00e7\u00f5es obtidas pela reportagem do [&hellip;]<\/p>\n","protected":false},"author":1,"featured_media":64675,"comment_status":"closed","ping_status":"open","sticky":false,"template":"","format":"standard","meta":{"footnotes":""},"categories":[170,110],"tags":[],"class_list":["post-64673","post","type-post","status-publish","format-standard","has-post-thumbnail","hentry","category-acidentes","category-noticiasdestaque"],"_links":{"self":[{"href":"https:\/\/jorgezanoni.com.br\/2019\/wp-json\/wp\/v2\/posts\/64673","targetHints":{"allow":["GET"]}}],"collection":[{"href":"https:\/\/jorgezanoni.com.br\/2019\/wp-json\/wp\/v2\/posts"}],"about":[{"href":"https:\/\/jorgezanoni.com.br\/2019\/wp-json\/wp\/v2\/types\/post"}],"author":[{"embeddable":true,"href":"https:\/\/jorgezanoni.com.br\/2019\/wp-json\/wp\/v2\/users\/1"}],"replies":[{"embeddable":true,"href":"https:\/\/jorgezanoni.com.br\/2019\/wp-json\/wp\/v2\/comments?post=64673"}],"version-history":[{"count":0,"href":"https:\/\/jorgezanoni.com.br\/2019\/wp-json\/wp\/v2\/posts\/64673\/revisions"}],"wp:featuredmedia":[{"embeddable":true,"href":"https:\/\/jorgezanoni.com.br\/2019\/wp-json\/wp\/v2\/media\/64675"}],"wp:attachment":[{"href":"https:\/\/jorgezanoni.com.br\/2019\/wp-json\/wp\/v2\/media?parent=64673"}],"wp:term":[{"taxonomy":"category","embeddable":true,"href":"https:\/\/jorgezanoni.com.br\/2019\/wp-json\/wp\/v2\/categories?post=64673"},{"taxonomy":"post_tag","embeddable":true,"href":"https:\/\/jorgezanoni.com.br\/2019\/wp-json\/wp\/v2\/tags?post=64673"}],"curies":[{"name":"wp","href":"https:\/\/api.w.org\/{rel}","templated":true}]}}