{"id":64634,"date":"2022-06-08T01:01:47","date_gmt":"2022-06-08T01:01:47","guid":{"rendered":"https:\/\/jorgezanoni.com.br\/2019\/?p=64634"},"modified":"2022-06-08T01:01:47","modified_gmt":"2022-06-08T01:01:47","slug":"policia-civil-captura-homem-condenado-a-12-anos-de-prisao-por-estupro-de-vulneravel-em-panorama","status":"publish","type":"post","link":"https:\/\/jorgezanoni.com.br\/2019\/policia-civil-captura-homem-condenado-a-12-anos-de-prisao-por-estupro-de-vulneravel-em-panorama\/","title":{"rendered":"Pol\u00edcia Civil captura homem condenado a 12 anos de pris\u00e3o por Estupro de Vulner\u00e1vel em Panorama"},"content":{"rendered":"<p style=\"text-align: justify;\"><strong>O crime ocorreu na cidade de Euclides da Cunha Paulista, em 2013. A v\u00edtima do abuso sexual era uma crian\u00e7a, de idade n\u00e3o divulgada, parente do homem capturado.<\/strong><\/p>\n<p style=\"text-align: justify;\">A Pol\u00edcia Civil, por interm\u00e9dio da Delegacia de Pol\u00edcia de Panorama, nesta ter\u00e7a-feira (7), prendeu um homem, de 62 anos, condenado em senten\u00e7a definitiva a 12 anos de pris\u00e3o, em regime fechado, pelo crime de estupro de vulner\u00e1vel. A pris\u00e3o \u00e9 em decorr\u00eancia da expedi\u00e7\u00e3o de um mandado de pris\u00e3o, no dia 29 abril de 2022, pelo Ju\u00edzo da Vara \u00danica, da Comarca de Teodoro Sampaio.<\/p>\n<p style=\"text-align: justify;\">Atualmente, o homem estava residindo na cidade de Panorama, e tamb\u00e9m no munic\u00edpio de Tr\u00eas Lagoas-MS, sendo que ap\u00f3s constantes diligencias realizadas por policiais civis, em prov\u00e1veis endere\u00e7os do procurado. O homem acabou se entregando na Delegacia de Pol\u00edcia de Panorama, local onde o mandado condenat\u00f3rio foi cumprido.<\/p>\n<p style=\"text-align: justify;\">O capturado, passar\u00e1 por uma audi\u00eancia de cust\u00f3dia, e posteriormente, transferido para uma unidade prisional, onde ficar\u00e1 \u00e0 disposi\u00e7\u00e3o da Justi\u00e7a.<\/p>\n<p style=\"text-align: justify;\">O crime<\/p>\n<p style=\"text-align: justify;\">De acordo com as investiga\u00e7\u00f5es, o crime foi cometido em setembro de 2013, na cidade Euclides da Cunha Paulista, contra uma neta do sentenciado, que teve a idade preservada. Segundo a den\u00fancia crime e a decorrente condena\u00e7\u00e3o, \u00e0 \u00e9poca do crime, o acusado teria passado m\u00e3o na genit\u00e1lia da crian\u00e7a.<\/p>\n<p style=\"text-align: justify;\">Fonte: Com. Social Pol\u00edcia Civil<\/p>\n","protected":false},"excerpt":{"rendered":"<p>O crime ocorreu na cidade de Euclides da Cunha Paulista, em 2013. A v\u00edtima do abuso sexual era uma crian\u00e7a, de idade n\u00e3o divulgada, parente do homem capturado. A Pol\u00edcia Civil, por interm\u00e9dio da Delegacia de Pol\u00edcia de Panorama, nesta ter\u00e7a-feira (7), prendeu um homem, de 62 anos, condenado em senten\u00e7a definitiva a 12 anos [&hellip;]<\/p>\n","protected":false},"author":1,"featured_media":64635,"comment_status":"closed","ping_status":"open","sticky":false,"template":"","format":"standard","meta":{"footnotes":""},"categories":[110,2],"tags":[],"class_list":["post-64634","post","type-post","status-publish","format-standard","has-post-thumbnail","hentry","category-noticiasdestaque","category-policial"],"_links":{"self":[{"href":"https:\/\/jorgezanoni.com.br\/2019\/wp-json\/wp\/v2\/posts\/64634","targetHints":{"allow":["GET"]}}],"collection":[{"href":"https:\/\/jorgezanoni.com.br\/2019\/wp-json\/wp\/v2\/posts"}],"about":[{"href":"https:\/\/jorgezanoni.com.br\/2019\/wp-json\/wp\/v2\/types\/post"}],"author":[{"embeddable":true,"href":"https:\/\/jorgezanoni.com.br\/2019\/wp-json\/wp\/v2\/users\/1"}],"replies":[{"embeddable":true,"href":"https:\/\/jorgezanoni.com.br\/2019\/wp-json\/wp\/v2\/comments?post=64634"}],"version-history":[{"count":0,"href":"https:\/\/jorgezanoni.com.br\/2019\/wp-json\/wp\/v2\/posts\/64634\/revisions"}],"wp:featuredmedia":[{"embeddable":true,"href":"https:\/\/jorgezanoni.com.br\/2019\/wp-json\/wp\/v2\/media\/64635"}],"wp:attachment":[{"href":"https:\/\/jorgezanoni.com.br\/2019\/wp-json\/wp\/v2\/media?parent=64634"}],"wp:term":[{"taxonomy":"category","embeddable":true,"href":"https:\/\/jorgezanoni.com.br\/2019\/wp-json\/wp\/v2\/categories?post=64634"},{"taxonomy":"post_tag","embeddable":true,"href":"https:\/\/jorgezanoni.com.br\/2019\/wp-json\/wp\/v2\/tags?post=64634"}],"curies":[{"name":"wp","href":"https:\/\/api.w.org\/{rel}","templated":true}]}}