{"id":64631,"date":"2022-06-08T00:41:52","date_gmt":"2022-06-08T00:41:52","guid":{"rendered":"https:\/\/jorgezanoni.com.br\/2019\/?p=64631"},"modified":"2022-06-08T02:38:32","modified_gmt":"2022-06-08T02:38:32","slug":"morre-o-dracenense-joao-antonio-guerino","status":"publish","type":"post","link":"https:\/\/jorgezanoni.com.br\/2019\/morre-o-dracenense-joao-antonio-guerino\/","title":{"rendered":"Morre o dracenense Jo\u00e3o Ant\u00f4nio Guerino"},"content":{"rendered":"<p style=\"text-align: justify;\">Comunicamos com pesar o falecimento de Jo\u00e3o Ant\u00f4nio Guerino de 60 anos. Estava em tratamento de sa\u00fade vindo a \u00f3bito no in\u00edcio da noite desta ter\u00e7a-feira (7)<\/p>\n<p style=\"text-align: justify;\">Deixa esposa, filhas, genros, netas, demais familiares e amigos.<\/p>\n<p style=\"text-align: justify;\">\u00c9 filho do saudoso Toninho Guerino Farmac\u00eautico.<\/p>\n<p style=\"text-align: justify;\">O Seu corpo ser\u00e1 velado no Memorial Vida Prev a partir das 22:00 horas de hoje (7) e o Sepultamento ocorre amanh\u00e3 (8) \u00e0s 16:00 Horas.<\/p>\n<p style=\"text-align: justify;\">O Site JZ se solidariza com a fam\u00edlia e amigos neste dif\u00edcil momento.<\/p>\n<p style=\"text-align: justify;\">Jorge Zanoni<\/p>\n<p><img loading=\"lazy\" decoding=\"async\" class=\"alignnone size-full wp-image-64637\" src=\"https:\/\/jorgezanoni.com.br\/2019\/wp-content\/uploads\/2022\/06\/Joao.jpg\" alt=\"\" width=\"540\" height=\"540\" srcset=\"https:\/\/jorgezanoni.com.br\/2019\/wp-content\/uploads\/2022\/06\/Joao.jpg 540w, https:\/\/jorgezanoni.com.br\/2019\/wp-content\/uploads\/2022\/06\/Joao-300x300.jpg 300w, https:\/\/jorgezanoni.com.br\/2019\/wp-content\/uploads\/2022\/06\/Joao-150x150.jpg 150w, https:\/\/jorgezanoni.com.br\/2019\/wp-content\/uploads\/2022\/06\/Joao-420x420.jpg 420w\" sizes=\"auto, (max-width: 540px) 100vw, 540px\" \/><\/p>\n<p>&nbsp;<\/p>\n","protected":false},"excerpt":{"rendered":"<p>Comunicamos com pesar o falecimento de Jo\u00e3o Ant\u00f4nio Guerino de 60 anos. Estava em tratamento de sa\u00fade vindo a \u00f3bito no in\u00edcio da noite desta ter\u00e7a-feira (7) Deixa esposa, filhas, genros, netas, demais familiares e amigos. \u00c9 filho do saudoso Toninho Guerino Farmac\u00eautico. O Seu corpo ser\u00e1 velado no Memorial Vida Prev a partir das [&hellip;]<\/p>\n","protected":false},"author":1,"featured_media":64632,"comment_status":"closed","ping_status":"open","sticky":false,"template":"","format":"standard","meta":{"footnotes":""},"categories":[178,110],"tags":[],"class_list":["post-64631","post","type-post","status-publish","format-standard","has-post-thumbnail","hentry","category-notadefalecimento","category-noticiasdestaque"],"_links":{"self":[{"href":"https:\/\/jorgezanoni.com.br\/2019\/wp-json\/wp\/v2\/posts\/64631","targetHints":{"allow":["GET"]}}],"collection":[{"href":"https:\/\/jorgezanoni.com.br\/2019\/wp-json\/wp\/v2\/posts"}],"about":[{"href":"https:\/\/jorgezanoni.com.br\/2019\/wp-json\/wp\/v2\/types\/post"}],"author":[{"embeddable":true,"href":"https:\/\/jorgezanoni.com.br\/2019\/wp-json\/wp\/v2\/users\/1"}],"replies":[{"embeddable":true,"href":"https:\/\/jorgezanoni.com.br\/2019\/wp-json\/wp\/v2\/comments?post=64631"}],"version-history":[{"count":0,"href":"https:\/\/jorgezanoni.com.br\/2019\/wp-json\/wp\/v2\/posts\/64631\/revisions"}],"wp:featuredmedia":[{"embeddable":true,"href":"https:\/\/jorgezanoni.com.br\/2019\/wp-json\/wp\/v2\/media\/64632"}],"wp:attachment":[{"href":"https:\/\/jorgezanoni.com.br\/2019\/wp-json\/wp\/v2\/media?parent=64631"}],"wp:term":[{"taxonomy":"category","embeddable":true,"href":"https:\/\/jorgezanoni.com.br\/2019\/wp-json\/wp\/v2\/categories?post=64631"},{"taxonomy":"post_tag","embeddable":true,"href":"https:\/\/jorgezanoni.com.br\/2019\/wp-json\/wp\/v2\/tags?post=64631"}],"curies":[{"name":"wp","href":"https:\/\/api.w.org\/{rel}","templated":true}]}}